{"id":905,"date":"2011-06-06T08:18:45","date_gmt":"2011-06-06T07:18:45","guid":{"rendered":"http:\/\/www.alpesjug.fr\/?p=905"},"modified":"2011-06-06T08:32:23","modified_gmt":"2011-06-06T07:32:23","slug":"code-retreat-organise-par-xebia","status":"publish","type":"post","link":"https:\/\/www.alpesjug.fr\/?p=905","title":{"rendered":"Code Retreat organis\u00e9 par Xebia"},"content":{"rendered":"<p>En janvier, l&rsquo;Alpes JUG et le CARA organis\u00e8rent le premier<a href=\"http:\/\/www.alpesjug.fr\/?p=638\"> Code Retreat de France \u00e0 Grenoble<\/a>. Les participants en ont sortis combl\u00e9s et enthousiastes.<\/p>\n<p>Xebia a d\u00e9cid\u00e9 de reit\u00e9rer l&rsquo;aventure en organisant un nouveau Code-Retreat dans ses locaux le 24 juin, de 09h30 \u00e0 17H. Attention, les places sont limit\u00e9es. Je ne peux que vous conseiller \u00e0 y participer.<\/p>\n<p>Pour plus d&rsquo;information ou pour vous inscrire, <a href=\"http:\/\/fr.eventbrite.com\/event\/1625635319\" target=\"_blank\">c&rsquo;est par ici<\/a>.<\/p>\n","protected":false},"excerpt":{"rendered":"<p>En janvier, l&rsquo;Alpes JUG et le CARA organis\u00e8rent le premier Code Retreat de France \u00e0 Grenoble. Les participants en ont sortis combl\u00e9s et enthousiastes. Xebia a d\u00e9cid\u00e9 de reit\u00e9rer l&rsquo;aventure en organisant un nouveau&#46;&#46;&#46;<\/p>\n","protected":false},"author":3,"featured_media":0,"comment_status":"open","ping_status":"open","sticky":false,"template":"","format":"standard","meta":{"footnotes":""},"categories":[14],"tags":[37,42],"class_list":["post-905","post","type-post","status-publish","format-standard","hentry","category-annonce","tag-agilite","tag-code-retreat"],"_links":{"self":[{"href":"https:\/\/www.alpesjug.fr\/index.php?rest_route=\/wp\/v2\/posts\/905","targetHints":{"allow":["GET"]}}],"collection":[{"href":"https:\/\/www.alpesjug.fr\/index.php?rest_route=\/wp\/v2\/posts"}],"about":[{"href":"https:\/\/www.alpesjug.fr\/index.php?rest_route=\/wp\/v2\/types\/post"}],"author":[{"embeddable":true,"href":"https:\/\/www.alpesjug.fr\/index.php?rest_route=\/wp\/v2\/users\/3"}],"replies":[{"embeddable":true,"href":"https:\/\/www.alpesjug.fr\/index.php?rest_route=%2Fwp%2Fv2%2Fcomments&post=905"}],"version-history":[{"count":3,"href":"https:\/\/www.alpesjug.fr\/index.php?rest_route=\/wp\/v2\/posts\/905\/revisions"}],"predecessor-version":[{"id":908,"href":"https:\/\/www.alpesjug.fr\/index.php?rest_route=\/wp\/v2\/posts\/905\/revisions\/908"}],"wp:attachment":[{"href":"https:\/\/www.alpesjug.fr\/index.php?rest_route=%2Fwp%2Fv2%2Fmedia&parent=905"}],"wp:term":[{"taxonomy":"category","embeddable":true,"href":"https:\/\/www.alpesjug.fr\/index.php?rest_route=%2Fwp%2Fv2%2Fcategories&post=905"},{"taxonomy":"post_tag","embeddable":true,"href":"https:\/\/www.alpesjug.fr\/index.php?rest_route=%2Fwp%2Fv2%2Ftags&post=905"}],"curies":[{"name":"wp","href":"https:\/\/api.w.org\/{rel}","templated":true}]}}