{"id":884,"date":"2011-09-05T09:03:50","date_gmt":"2011-09-05T08:03:50","guid":{"rendered":"http:\/\/www.alpesjug.fr\/?p=884"},"modified":"2011-09-27T13:05:47","modified_gmt":"2011-09-27T12:05:47","slug":"soiree-devops-avec-dimitri-baeli-et-henri-gomez-le-16-juin","status":"publish","type":"post","link":"https:\/\/www.alpesjug.fr\/?p=884","title":{"rendered":"Soir\u00e9e Devops avec Henri Gomez le 20 Septembre"},"content":{"rendered":"<h2>DevOps un retour d&rsquo;exp\u00e9rience 2\u00e8me saison<\/h2>\n<p><img decoding=\"async\" class=\"alignright\" src=\"http:\/\/upload.wikimedia.org\/wikipedia\/commons\/4\/4e\/Devops.png\" alt=\"devops\" \/><br \/>\nL\u2019id\u00e9e <strong>DevOps<\/strong> est de favoriser la collaboration et la communication entre les \u00e9quipes de d\u00e9veloppement logiciel et les \u00e9quipes d\u2019exploitation.<br \/>\nQu&rsquo;en est-il de la mise en pratique ?<br \/>\nIl s\u2019agit principalement de mettre en \u00e9troite collaboration les \u00e9quipes d\u2019administrateurs avec la R&amp;D et les \u00e9quipes QA.<br \/>\n<a href=\"http:\/\/blog.hgomez.net\/\">Henri Gomez<\/a> partagera avec vous leur retour d\u2019exp\u00e9rience et d\u00e9marche de mise en place chez<a href=\"http:\/\/www.exoplatform.com\/\"> eXo Platform<\/a> un \u00e9diteur logiciel.<\/p>\n<p>Apr\u00e8s une introduction sur les principes DevOps, les deux sujets suivants seront trait\u00e9s :<\/p>\n<ul>\n<li><strong>Relation Administrateurs \/ D\u00e9veloppeurs<\/strong> : Le rapprochement des \u00e9quipes d\u2019administrateurs et des \u00e9quipes de d\u00e9veloppement\n<ul>\n<li>D\u00e9ploiement continue, proc\u00e9dures de mise en production, gestion des incidents, gestion de la configuration, &#8230;<\/li>\n<\/ul>\n<\/li>\n<li><strong>Relation Administration \/ QA<\/strong> : L\u2019utilisation de l\u2019exp\u00e9rience des administrateurs pour am\u00e9liorer les \u00e9quipes qualit\u00e9\n<ul>\n<li>Prise en compte des contraintes d\u2019exploitabilit\u00e9 lors des d\u00e9veloppements. La gestion de la configuration, le monitoring en sont les deux principaux axes.<\/li>\n<li>Nous vous pr\u00e9senterons l\u2019outillage en cours de mise en place chez eXo (<a href=\"http:\/\/jenkins-ci.org\">Jenkins<\/a> \/ <a href=\"http:\/\/jakarta.apache.org\/jmeter\">JMeter<\/a> \/ <a href=\"http:\/\/code.google.com\/p\/jmxtrans\">JMXTrans<\/a> \/ <a href=\"http:\/\/visualvm.java.net\">VisualVM<\/a> \/ Graphite &#8230;)<\/li>\n<\/ul>\n<\/li>\n<\/ul>\n<h2>Inscriptions<\/h2>\n<p>La soir\u00e9e se d\u00e9roulera \u00e0 SUPINFO, 16 rue Henri Barbusse \u00e0 Grenoble.<strong> Pensez bien \u00e0 vous <a href=\"http:\/\/www.jugevents.org\/jugevents\/event\/41170\">inscrire<\/a><\/strong><\/p>\n<p>Des <a href=\"https:\/\/docs.google.com\/leaf?id=0B3czNgQf7R5EMjBiNzE1OWMtZTJiZC00NGFjLTgwMDMtY2QzYTIwMTVlZjcy&#038;hl=en_US\">affiches et flyers<\/a> sont disponible : faites de la pub !<\/p>\n","protected":false},"excerpt":{"rendered":"<p>L\u2019id\u00e9e <strong>DevOps<\/strong> est de favoriser la collaboration et la communication entre les \u00e9quipes de d\u00e9veloppement logiciel et les \u00e9quipes d\u2019exploitation.<br \/>\nQu&rsquo;en est-il de la mise en pratique ?<br \/>\nIl s\u2019agit principalement de mettre en \u00e9troite collaboration les \u00e9quipes d\u2019administrateurs avec la R&amp;D et les \u00e9quipes QA. .<\/p>\n","protected":false},"author":1,"featured_media":0,"comment_status":"open","ping_status":"open","sticky":false,"template":"","format":"standard","meta":{"footnotes":""},"categories":[14],"tags":[37,50,4,11],"class_list":["post-884","post","type-post","status-publish","format-standard","hentry","category-annonce","tag-agilite","tag-devops","tag-jug","tag-soiree"],"_links":{"self":[{"href":"https:\/\/www.alpesjug.fr\/index.php?rest_route=\/wp\/v2\/posts\/884","targetHints":{"allow":["GET"]}}],"collection":[{"href":"https:\/\/www.alpesjug.fr\/index.php?rest_route=\/wp\/v2\/posts"}],"about":[{"href":"https:\/\/www.alpesjug.fr\/index.php?rest_route=\/wp\/v2\/types\/post"}],"author":[{"embeddable":true,"href":"https:\/\/www.alpesjug.fr\/index.php?rest_route=\/wp\/v2\/users\/1"}],"replies":[{"embeddable":true,"href":"https:\/\/www.alpesjug.fr\/index.php?rest_route=%2Fwp%2Fv2%2Fcomments&post=884"}],"version-history":[{"count":17,"href":"https:\/\/www.alpesjug.fr\/index.php?rest_route=\/wp\/v2\/posts\/884\/revisions"}],"predecessor-version":[{"id":984,"href":"https:\/\/www.alpesjug.fr\/index.php?rest_route=\/wp\/v2\/posts\/884\/revisions\/984"}],"wp:attachment":[{"href":"https:\/\/www.alpesjug.fr\/index.php?rest_route=%2Fwp%2Fv2%2Fmedia&parent=884"}],"wp:term":[{"taxonomy":"category","embeddable":true,"href":"https:\/\/www.alpesjug.fr\/index.php?rest_route=%2Fwp%2Fv2%2Fcategories&post=884"},{"taxonomy":"post_tag","embeddable":true,"href":"https:\/\/www.alpesjug.fr\/index.php?rest_route=%2Fwp%2Fv2%2Ftags&post=884"}],"curies":[{"name":"wp","href":"https:\/\/api.w.org\/{rel}","templated":true}]}}