{"id":802,"date":"2011-04-09T10:31:40","date_gmt":"2011-04-09T09:31:40","guid":{"rendered":"http:\/\/www.alpesjug.fr\/?p=802"},"modified":"2011-05-06T14:17:35","modified_gmt":"2011-05-06T13:17:35","slug":"formation-et-soiree-netbeans-plateform","status":"publish","type":"post","link":"https:\/\/www.alpesjug.fr\/?p=802","title":{"rendered":"Formation et soir\u00e9e Netbeans Plateform"},"content":{"rendered":"<p>Notre soir\u00e9e du mois d&rsquo;avril se couple \u00e0 une formation gratuite de 3 jours \u00e0 la plateforme Netbeans. Je parle bien de la plateforme de d\u00e9veloppement et non de l&rsquo;IDE, si vous souhaitez voir ce qu&rsquo;il est possible de fire je vous conseille d&rsquo;aller sur <a href=\"http:\/\/platform.netbeans.org\/screenshots.html\">ce site<\/a> qui r\u00e9f\u00e9rencie les applications d\u00e9velopp\u00e9es via netbeans Plateform.<br \/>\nLa formation ainsi que la conf\u00e9rence auront lieu \u00e0<br \/>\n<em>SUPINFO Grenoble &#8211; 16 rue Henri Barbusse, 38000 Grenoble<br \/>\nA cot\u00e9 de la Patinoire de Grenoble et de Grand Place<\/em><\/p>\n<h3>La formation 18 &#8211; 19 et 20 avril de 9h30 \u00e0 17h<\/h3>\n<p>Il s&rsquo;agit d&rsquo;une formation <strong>certifiante<\/strong> \u00e0 la plateforme (et non \u00e0 l&rsquo;IDE) Netbeans. Cette formation dure 3 jours et on vous demande juste d&rsquo;apporter un portable. Pour vous inscrire contactez par mail <strong>administrateur chez alpesjug.org<\/strong><\/p>\n<p>Le programme est le suivant :<a href=\"http:\/\/platform.netbeans.org\/screenshots.html\"><img loading=\"lazy\" decoding=\"async\" class=\"alignright\" title=\"Share Game Board\" src=\"http:\/\/www.netbeans.org\/images_www\/screenshots\/platform\/SGB.png\" alt=\"Share Game Board\" width=\"229\" height=\"213\" \/><\/a><br \/>\n<a href=\"https:\/\/simtk.org\/home\/opensim\"><img loading=\"lazy\" decoding=\"async\" class=\"alignright\" title=\"OpenSIM\" src=\"http:\/\/netbeans.org\/images_www\/screenshots\/platform\/opensim.png\" alt=\"\" width=\"272\" height=\"264\" \/><\/a><\/p>\n<ol>\n<li>1er Jour\n<ul>\n<li>Mise en place<\/li>\n<li>Un syst\u00e8me modulaire<\/li>\n<li> Le syst\u00e8me de fen\u00eatrage<\/li>\n<li>Atelier<\/li>\n<\/ul>\n<\/li>\n<li>2\u00e8me Jour\n<ul>\n<li>Les vues Explorateur et les Noeuds<\/li>\n<li>La biblioth\u00e8que graphique<\/li>\n<li>Les actions<\/li>\n<li>Atelier<\/li>\n<\/ul>\n<\/li>\n<li>3\u00e8me Jour\n<ul>\n<li>Divers<\/li>\n<li>Distribution d&rsquo;application<\/li>\n<li>Le portage d&rsquo;application Swing sur Netbeans Plateform<\/li>\n<li>Atelier<\/li>\n<\/ul>\n<\/li>\n<\/ol>\n<p>La formation est gratuite et est donn\u00e9e en anglais par <a href=\"http:\/\/blogs.sun.com\/geertjan\/entry\/welcome_to_me\">Geertjan Wielenga<\/a> de chez Oracle.<br \/>\nIl s&rsquo;agit d&rsquo;une formation compl\u00e8te avec support de cours et exercices.<\/p>\n<h3>La soir\u00e9e &#8211; Mardi 19 Avril \u00e0 19h<\/h3>\n<p>Nul besoin de venir \u00e0 la formation pour profiter de la soir\u00e9e !!!<br \/>\nNous profiterons de la pr\u00e9sence de Geertjan pour faire un tour rapide de la plateforme netbeans et des points essentiels que nous approfondirons durant la formation.<\/p>\n<p><b>Il existe une refcard sur dzone pour la plateforme netbeans. <a href=\"http:\/\/refcardz.dzone.com\/refcardz\/netbeans-platform-70\">Visionnez l\u00e0 ici<\/a><\/b><\/p>\n","protected":false},"excerpt":{"rendered":"<p>Notre soir\u00e9e du mois d&rsquo;avril se couple \u00e0 une formation gratuite de 3 jours \u00e0 la plateforme Netbeans. Je parle bien de la plateforme de d\u00e9veloppement et non de l&rsquo;IDE, si vous souhaitez voir&#46;&#46;&#46;<\/p>\n","protected":false},"author":1,"featured_media":0,"comment_status":"open","ping_status":"open","sticky":false,"template":"","format":"standard","meta":{"footnotes":""},"categories":[14],"tags":[370,48,368,46,11,47],"class_list":["post-802","post","type-post","status-publish","format-standard","hentry","category-annonce","tag-code","tag-formation","tag-java","tag-netbeans","tag-soiree","tag-swing"],"_links":{"self":[{"href":"https:\/\/www.alpesjug.fr\/index.php?rest_route=\/wp\/v2\/posts\/802","targetHints":{"allow":["GET"]}}],"collection":[{"href":"https:\/\/www.alpesjug.fr\/index.php?rest_route=\/wp\/v2\/posts"}],"about":[{"href":"https:\/\/www.alpesjug.fr\/index.php?rest_route=\/wp\/v2\/types\/post"}],"author":[{"embeddable":true,"href":"https:\/\/www.alpesjug.fr\/index.php?rest_route=\/wp\/v2\/users\/1"}],"replies":[{"embeddable":true,"href":"https:\/\/www.alpesjug.fr\/index.php?rest_route=%2Fwp%2Fv2%2Fcomments&post=802"}],"version-history":[{"count":20,"href":"https:\/\/www.alpesjug.fr\/index.php?rest_route=\/wp\/v2\/posts\/802\/revisions"}],"predecessor-version":[{"id":839,"href":"https:\/\/www.alpesjug.fr\/index.php?rest_route=\/wp\/v2\/posts\/802\/revisions\/839"}],"wp:attachment":[{"href":"https:\/\/www.alpesjug.fr\/index.php?rest_route=%2Fwp%2Fv2%2Fmedia&parent=802"}],"wp:term":[{"taxonomy":"category","embeddable":true,"href":"https:\/\/www.alpesjug.fr\/index.php?rest_route=%2Fwp%2Fv2%2Fcategories&post=802"},{"taxonomy":"post_tag","embeddable":true,"href":"https:\/\/www.alpesjug.fr\/index.php?rest_route=%2Fwp%2Fv2%2Ftags&post=802"}],"curies":[{"name":"wp","href":"https:\/\/api.w.org\/{rel}","templated":true}]}}