{"id":702,"date":"2011-02-03T15:15:44","date_gmt":"2011-02-03T14:15:44","guid":{"rendered":"http:\/\/www.alpesjug.fr\/?p=702"},"modified":"2011-03-04T09:42:23","modified_gmt":"2011-03-04T08:42:23","slug":"lalpes-jug-partenaire-de-la-conference-whats-next","status":"publish","type":"post","link":"https:\/\/www.alpesjug.fr\/?p=702","title":{"rendered":"L&rsquo;Alpes JUG partenaire de la conf\u00e9rence What&rsquo;s Next"},"content":{"rendered":"<p><a href=\"http:\/\/whatsnextparis.com\"><img loading=\"lazy\" decoding=\"async\" class=\"size-medium wp-image-710 alignleft\" title=\"whatsnextparis\" src=\"http:\/\/www.alpesjug.fr\/wp-content\/uploads\/2011\/02\/french-300x37.gif\" alt=\"whatsnextparis\" width=\"300\" height=\"37\" srcset=\"https:\/\/www.alpesjug.fr\/wp-content\/uploads\/2011\/02\/french-300x37.gif 300w, https:\/\/www.alpesjug.fr\/wp-content\/uploads\/2011\/02\/french.gif 728w\" sizes=\"auto, (max-width: 300px) 100vw, 300px\" \/><\/a><\/p>\n<p><strong>La France poss\u00e8de enfin sa BIG conf\u00e9rence Java: la What&rsquo;s Next qui se tiendra le 26 et 27 mai \u00e0 Paris dans le lieu unique du Grand Rex.<\/strong><br \/>\nPour sa 1\u00e8re \u00e9dition, la What&rsquo;s Next nous propose un \u00e9ventail de speakers venus du monde entier, dont certains nous font l&rsquo;honneur de venir pour la premi\u00e8re fois en France!<br \/>\nDurant deux jours les cr\u00e9ateurs de nos frameworks et outils pr\u00e9f\u00e9r\u00e9s animeront des talks techniques sur Hudson, scala, NoSQL, Spring, Clojure&#8230; Et bien sur Java!<br \/>\nComme l&rsquo;indique son nom, la What&rsquo;s Next traitera la question du futur des technologies.<br \/>\nChaque speaker partagera sa propre vision sur l&rsquo;avenir de Java. On va enfin pouvoir poser toutes nos questions aux grands acteurs du monde Java!<br \/>\nLes inscriptions viennent d&rsquo;ouvrir!<br \/>\nNotre JUG \u00e9tant partenaire de l&rsquo;\u00e9v\u00e9nement, vous b\u00e9n\u00e9ficiez d&rsquo;une r\u00e9duction de 25% en entrant le code <strong>ALPJUG-25<\/strong>.<br \/>\nAvec un tel panel de speakers et de talks techniques, ce serait dommage de ne pas y aller!<\/p>\n<p><strong>En tout cas, nous on y sera!<\/strong><br \/>\nRetrouvez toutes les annonces des speakers et talks sur <a href=\"http:\/\/whatsnextparis.com\/\">http:\/\/whatsnextparis.com\/<\/a> ou sur <a href=\"http:\/\/twitter.com\/WsN_Paris\">Twitter @WsN_Paris<\/a><\/p>\n","protected":false},"excerpt":{"rendered":"<p>La France poss\u00e8de enfin sa BIG conf\u00e9rence Java: la What&rsquo;s Next qui se tiendra le 26 et 27 mai \u00e0 Paris dans le lieu unique du Grand Rex. Pour sa 1\u00e8re \u00e9dition, la What&rsquo;s&#46;&#46;&#46;<\/p>\n","protected":false},"author":1,"featured_media":0,"comment_status":"open","ping_status":"open","sticky":false,"template":"","format":"standard","meta":{"footnotes":""},"categories":[14],"tags":[45],"class_list":["post-702","post","type-post","status-publish","format-standard","hentry","category-annonce","tag-whats-next"],"_links":{"self":[{"href":"https:\/\/www.alpesjug.fr\/index.php?rest_route=\/wp\/v2\/posts\/702","targetHints":{"allow":["GET"]}}],"collection":[{"href":"https:\/\/www.alpesjug.fr\/index.php?rest_route=\/wp\/v2\/posts"}],"about":[{"href":"https:\/\/www.alpesjug.fr\/index.php?rest_route=\/wp\/v2\/types\/post"}],"author":[{"embeddable":true,"href":"https:\/\/www.alpesjug.fr\/index.php?rest_route=\/wp\/v2\/users\/1"}],"replies":[{"embeddable":true,"href":"https:\/\/www.alpesjug.fr\/index.php?rest_route=%2Fwp%2Fv2%2Fcomments&post=702"}],"version-history":[{"count":7,"href":"https:\/\/www.alpesjug.fr\/index.php?rest_route=\/wp\/v2\/posts\/702\/revisions"}],"predecessor-version":[{"id":762,"href":"https:\/\/www.alpesjug.fr\/index.php?rest_route=\/wp\/v2\/posts\/702\/revisions\/762"}],"wp:attachment":[{"href":"https:\/\/www.alpesjug.fr\/index.php?rest_route=%2Fwp%2Fv2%2Fmedia&parent=702"}],"wp:term":[{"taxonomy":"category","embeddable":true,"href":"https:\/\/www.alpesjug.fr\/index.php?rest_route=%2Fwp%2Fv2%2Fcategories&post=702"},{"taxonomy":"post_tag","embeddable":true,"href":"https:\/\/www.alpesjug.fr\/index.php?rest_route=%2Fwp%2Fv2%2Ftags&post=702"}],"curies":[{"name":"wp","href":"https:\/\/api.w.org\/{rel}","templated":true}]}}