{"id":474,"date":"2010-11-15T11:40:38","date_gmt":"2010-11-15T10:40:38","guid":{"rendered":"http:\/\/www.alpesjug.fr\/?p=474"},"modified":"2010-11-23T12:11:53","modified_gmt":"2010-11-23T11:11:53","slug":"soiree-dedicacee-web-2-0-des-portlets-aux-applications-composites","status":"publish","type":"post","link":"https:\/\/www.alpesjug.fr\/?p=474","title":{"rendered":"Soir\u00e9e estampill\u00e9e Web 2.0 : des Portlets aux Applications Composites"},"content":{"rendered":"<p>Lundi 22 novembre Serge Huber,\u00a0CTO de la soci\u00e9t\u00e9 Jahia, nous pr\u00e9sentera les Applications Composites.<\/p>\n<p><a href=\"http:\/\/www.alpesjug.fr\/wp-content\/uploads\/2010\/11\/800px-Carte_web_2.png\"><img loading=\"lazy\" decoding=\"async\" class=\"size-medium wp-image-482 alignright\" title=\"800px-Carte_web_2\" src=\"http:\/\/www.alpesjug.fr\/wp-content\/uploads\/2010\/11\/800px-Carte_web_2-300x211.png\" alt=\"\" width=\"300\" height=\"211\" srcset=\"https:\/\/www.alpesjug.fr\/wp-content\/uploads\/2010\/11\/800px-Carte_web_2-300x211.png 300w, https:\/\/www.alpesjug.fr\/wp-content\/uploads\/2010\/11\/800px-Carte_web_2.png 800w\" sizes=\"auto, (max-width: 300px) 100vw, 300px\" \/><\/a>Aussi prometteuse que\u00a0 semblait \u00eatre l&rsquo;API standard des Portlets \u00e0 sa sortie, elle ne couvrit n\u00e9anmoins pas tous les aspects attendus dans la r\u00e9alisation de composants Web r\u00e9utilisables et, plus important,\u00a0 n&rsquo;\u00e9volua quasiment pas.<\/p>\n<p>Elle devint alors peu \u00e0 peu obsol\u00e8te tandis que les techniques sous-jacentes au Web 2.0 et aux r\u00e9seaux sociaux devinrent la norme. Aujourd&rsquo;hui, la Composition d&rsquo;Application, en utilisant les principes de l&rsquo;approche REST, permet le couplage faible et une forte interaction de multiples applications d&rsquo;une mani\u00e8re simple mais puissante, et ceci sans abuser d&rsquo;une configuration surcharg\u00e9e de XML.<\/p>\n<p>Cette pr\u00e9sentation couvrira les limitations de l&rsquo;API Portlets et en quoi le concept d&rsquo;Applications Composites est plus adapt\u00e9 \u00e0 fournir les fonctionnalit\u00e9s attendues dans nos projets Web d&rsquo;aujourd&rsquo;hui.<\/p>\n<p><strong>La soir\u00e9e commencera \u00e0 19h \u00e0 <a href=\"http:\/\/maps.google.com\/maps?f=q&amp;source=s_q&amp;hl=en&amp;g=228+Cours+Lib%C3%A9ration+G%C3%A9n+de+Gaulle%2C+38000+Grenoble%2C+France&amp;q=16+rue+Henri+Barbusse+Grenoble&amp;btnG=Search+Maps\">SUPINFO Grenoble<\/a> \u2013 16 rue Henri Barbusse, 38000 Grenoble<\/strong> et <a href=\"http:\/\/www.jugevents.org\/jugevents\/event\/31638\">l&rsquo;inscription se d\u00e9roule ici<\/a><\/p>\n","protected":false},"excerpt":{"rendered":"<p>Lundi 22 novembre Serge Huber,\u00a0CTO de la soci\u00e9t\u00e9 Jahia, nous pr\u00e9sentera les Applications Composites. Aussi prometteuse que\u00a0 semblait \u00eatre l&rsquo;API standard des Portlets \u00e0 sa sortie, elle ne couvrit n\u00e9anmoins pas tous les aspects&#46;&#46;&#46;<\/p>\n","protected":false},"author":3,"featured_media":0,"comment_status":"open","ping_status":"open","sticky":false,"template":"","format":"standard","meta":{"footnotes":""},"categories":[14],"tags":[24,27,28,31],"class_list":["post-474","post","type-post","status-publish","format-standard","hentry","category-annonce","tag-portail","tag-portlet","tag-rest","tag-web-2-0"],"_links":{"self":[{"href":"https:\/\/www.alpesjug.fr\/index.php?rest_route=\/wp\/v2\/posts\/474","targetHints":{"allow":["GET"]}}],"collection":[{"href":"https:\/\/www.alpesjug.fr\/index.php?rest_route=\/wp\/v2\/posts"}],"about":[{"href":"https:\/\/www.alpesjug.fr\/index.php?rest_route=\/wp\/v2\/types\/post"}],"author":[{"embeddable":true,"href":"https:\/\/www.alpesjug.fr\/index.php?rest_route=\/wp\/v2\/users\/3"}],"replies":[{"embeddable":true,"href":"https:\/\/www.alpesjug.fr\/index.php?rest_route=%2Fwp%2Fv2%2Fcomments&post=474"}],"version-history":[{"count":17,"href":"https:\/\/www.alpesjug.fr\/index.php?rest_route=\/wp\/v2\/posts\/474\/revisions"}],"predecessor-version":[{"id":480,"href":"https:\/\/www.alpesjug.fr\/index.php?rest_route=\/wp\/v2\/posts\/474\/revisions\/480"}],"wp:attachment":[{"href":"https:\/\/www.alpesjug.fr\/index.php?rest_route=%2Fwp%2Fv2%2Fmedia&parent=474"}],"wp:term":[{"taxonomy":"category","embeddable":true,"href":"https:\/\/www.alpesjug.fr\/index.php?rest_route=%2Fwp%2Fv2%2Fcategories&post=474"},{"taxonomy":"post_tag","embeddable":true,"href":"https:\/\/www.alpesjug.fr\/index.php?rest_route=%2Fwp%2Fv2%2Ftags&post=474"}],"curies":[{"name":"wp","href":"https:\/\/api.w.org\/{rel}","templated":true}]}}