{"id":451,"date":"2010-11-04T19:53:39","date_gmt":"2010-11-04T18:53:39","guid":{"rendered":"http:\/\/www.alpesjug.fr\/?p=451"},"modified":"2010-11-15T11:41:53","modified_gmt":"2010-11-15T10:41:53","slug":"soiree-speciale-maven-3-par-son-createur","status":"publish","type":"post","link":"https:\/\/www.alpesjug.fr\/?p=451","title":{"rendered":"Soir\u00e9e sp\u00e9ciale Maven 3 par son cr\u00e9ateur"},"content":{"rendered":"<div id=\"attachment_454\" style=\"width: 197px\" class=\"wp-caption alignright\"><a href=\"http:\/\/www.alpesjug.fr\/wp-content\/uploads\/2010\/11\/pictureSpeaker.jpeg\"><img loading=\"lazy\" decoding=\"async\" aria-describedby=\"caption-attachment-454\" class=\"size-full wp-image-454\" title=\"Jason Van Zyl\" src=\"http:\/\/www.alpesjug.fr\/wp-content\/uploads\/2010\/11\/pictureSpeaker.jpeg\" alt=\"Jason Van Zyl\" width=\"187\" height=\"200\" \/><\/a><p id=\"caption-attachment-454\" class=\"wp-caption-text\">Jason Van Zyl<\/p><\/div>\n<h2>Oui vous ne r\u00eavez pas, c&rsquo;est personne d&rsquo;autre que Jason Van Zyl himself que l&rsquo;AlpesJug a l&rsquo;immense plaisir de recevoir.<\/h2>\n<p>Jason Van Zyl, cr\u00e9ateur de Maven, est de passage sur Gen\u00e8ve et nous fait donc l\u2019honneur de venir passer une soir\u00e9e avec nous le Mardi 9 Novembre.<\/p>\n<div id=\"attachment_455\" style=\"width: 133px\" class=\"wp-caption alignleft\"><a href=\"http:\/\/fossa2010.inrialpes.fr\/\"><img loading=\"lazy\" decoding=\"async\" aria-describedby=\"caption-attachment-455\" class=\"size-full wp-image-455\" title=\"fOSSA\" src=\"http:\/\/www.alpesjug.fr\/wp-content\/uploads\/2010\/11\/banner_fossa.png\" alt=\"fOSSA\" width=\"123\" height=\"41\" \/><\/a><p id=\"caption-attachment-455\" class=\"wp-caption-text\">fOSSA<\/p><\/div>\n<p>L\u2019<a href=\"http:\/\/alpesjug.org\">AlpesJug<\/a> et <a href=\"http:\/\/fossa2010.inrialpes.fr\/\">fOSSA 2010<\/a> sont donc tr\u00e8s heureux de vous inviter \u00e0 l\u2019Ecole de Management de Grenoble \u00e0 partir de 18h00 afin de rencontrer le leader embl\u00e9matique de <a href=\"http:\/\/maven.apache.org\">Maven<\/a> et fondateur de <a href=\"http:\/\/www.sonatype.com\">Sonatype<\/a>.<br \/>\nToute \u00e9quipe de d\u00e9veloppeurs doit converger vers un ensemble d&rsquo;outils pour r\u00e9duire les co\u00fbts, r\u00e9duire le temps d&rsquo;int\u00e9gration \u00e0 l&rsquo;\u00e9quipen et profiter de l&rsquo;exp\u00e9rience des communaut\u00e9s dans les processus de d\u00e9veloppement. Ainsi dans de nombreuses organisations une suite d&rsquo;outils de d\u00e9veloppement se compose de Maven, M2Eclipse, Nexus &amp; Hudson. Durant cette conf\u00e9rence, Jason van Zyl, parlera du futur de Maven, et notamment Maven 3.x, la prochaine version 1.0 de M2Eclipse 1.0, et Nexus 1.8, ainsi que l&rsquo;\u00e9mergence de nouveaux outils comme Maven Shell et Polyglot Maven.<br \/>\n<strong>Attention, pour des raisons de s\u00e9curit\u00e9 le nombre de places est limit\u00e9!<\/strong><br \/>\n<a href=\"http:\/\/www.jugevents.org\/jugevents\/event\/30916\">Inscriptions<\/a><\/p>\n<div id=\"attachment_460\" style=\"width: 570px\" class=\"wp-caption aligncenter\"><a href=\"http:\/\/maven.apache.org\"><img loading=\"lazy\" decoding=\"async\" aria-describedby=\"caption-attachment-460\" src=\"http:\/\/www.alpesjug.fr\/wp-content\/uploads\/2010\/11\/apache-maven-project.png\" alt=\"Apache Maven\" width=\"560\" height=\"51\" \/><\/a><p id=\"caption-attachment-460\" class=\"wp-caption-text\">Apache Maven<\/p><\/div>\n","protected":false},"excerpt":{"rendered":"<p>Oui vous ne r\u00eavez pas, c&rsquo;est personne d&rsquo;autre que Jason Van Zyl himself que l&rsquo;AlpesJug a l&rsquo;immense plaisir de recevoir. Jason Van Zyl, cr\u00e9ateur de Maven, est de passage sur Gen\u00e8ve et nous fait&#46;&#46;&#46;<\/p>\n","protected":false},"author":1,"featured_media":0,"comment_status":"open","ping_status":"open","sticky":false,"template":"","format":"standard","meta":{"footnotes":""},"categories":[14],"tags":[16,11],"class_list":["post-451","post","type-post","status-publish","format-standard","hentry","category-annonce","tag-maven","tag-soiree"],"_links":{"self":[{"href":"https:\/\/www.alpesjug.fr\/index.php?rest_route=\/wp\/v2\/posts\/451","targetHints":{"allow":["GET"]}}],"collection":[{"href":"https:\/\/www.alpesjug.fr\/index.php?rest_route=\/wp\/v2\/posts"}],"about":[{"href":"https:\/\/www.alpesjug.fr\/index.php?rest_route=\/wp\/v2\/types\/post"}],"author":[{"embeddable":true,"href":"https:\/\/www.alpesjug.fr\/index.php?rest_route=\/wp\/v2\/users\/1"}],"replies":[{"embeddable":true,"href":"https:\/\/www.alpesjug.fr\/index.php?rest_route=%2Fwp%2Fv2%2Fcomments&post=451"}],"version-history":[{"count":21,"href":"https:\/\/www.alpesjug.fr\/index.php?rest_route=\/wp\/v2\/posts\/451\/revisions"}],"predecessor-version":[{"id":475,"href":"https:\/\/www.alpesjug.fr\/index.php?rest_route=\/wp\/v2\/posts\/451\/revisions\/475"}],"wp:attachment":[{"href":"https:\/\/www.alpesjug.fr\/index.php?rest_route=%2Fwp%2Fv2%2Fmedia&parent=451"}],"wp:term":[{"taxonomy":"category","embeddable":true,"href":"https:\/\/www.alpesjug.fr\/index.php?rest_route=%2Fwp%2Fv2%2Fcategories&post=451"},{"taxonomy":"post_tag","embeddable":true,"href":"https:\/\/www.alpesjug.fr\/index.php?rest_route=%2Fwp%2Fv2%2Ftags&post=451"}],"curies":[{"name":"wp","href":"https:\/\/api.w.org\/{rel}","templated":true}]}}