{"id":3543,"date":"2025-01-24T09:06:03","date_gmt":"2025-01-24T08:06:03","guid":{"rendered":"https:\/\/www.alpesjug.fr\/?p=3543"},"modified":"2025-02-11T13:52:46","modified_gmt":"2025-02-11T12:52:46","slug":"estimer-la-consommation-denergie-dune-application-au-developpement-challenges-et-perspectives","status":"publish","type":"post","link":"https:\/\/www.alpesjug.fr\/?p=3543","title":{"rendered":"Estimer la consommation d\u2019\u00e9nergie d\u2019une application au d\u00e9veloppement: challenges et perspectives"},"content":{"rendered":"\n<p><strong>Le Mardi 04 F\u00e9vrier 2025<\/strong><\/p>\n\n\n\n<figure class=\"wp-block-image size-full\"><img loading=\"lazy\" decoding=\"async\" width=\"1024\" height=\"1024\" src=\"https:\/\/www.alpesjug.fr\/wp-content\/uploads\/2025\/01\/retro-futurist-style-image-expressing-the-difficulty-of-estimating-the-energy-consumption-of-a-computer-application-for-developers.jpg\" alt=\"\" class=\"wp-image-3544\" srcset=\"https:\/\/www.alpesjug.fr\/wp-content\/uploads\/2025\/01\/retro-futurist-style-image-expressing-the-difficulty-of-estimating-the-energy-consumption-of-a-computer-application-for-developers.jpg 1024w, https:\/\/www.alpesjug.fr\/wp-content\/uploads\/2025\/01\/retro-futurist-style-image-expressing-the-difficulty-of-estimating-the-energy-consumption-of-a-computer-application-for-developers-300x300.jpg 300w, https:\/\/www.alpesjug.fr\/wp-content\/uploads\/2025\/01\/retro-futurist-style-image-expressing-the-difficulty-of-estimating-the-energy-consumption-of-a-computer-application-for-developers-150x150.jpg 150w, https:\/\/www.alpesjug.fr\/wp-content\/uploads\/2025\/01\/retro-futurist-style-image-expressing-the-difficulty-of-estimating-the-energy-consumption-of-a-computer-application-for-developers-768x768.jpg 768w, https:\/\/www.alpesjug.fr\/wp-content\/uploads\/2025\/01\/retro-futurist-style-image-expressing-the-difficulty-of-estimating-the-energy-consumption-of-a-computer-application-for-developers-80x80.jpg 80w, https:\/\/www.alpesjug.fr\/wp-content\/uploads\/2025\/01\/retro-futurist-style-image-expressing-the-difficulty-of-estimating-the-energy-consumption-of-a-computer-application-for-developers-320x320.jpg 320w\" sizes=\"auto, (max-width: 1024px) 100vw, 1024px\" \/><\/figure>\n\n\n\n<h2 class=\"wp-block-heading\">La conf\u00e9rence<\/h2>\n\n\n\n<p>\u00c0 l\u2019heure des d\u00e9penses \u00e9nerg\u00e9tiques \u00e9normes des data centers, les d\u00e9veloppeurs peuvent se sentir impuissants vis-\u00e0-vis de leur impact sur l\u2019environnement. Par ailleurs, il est notoire que changer une application est d\u2019autant moins couteux que ces changements sont effectu\u00e9s le plus t\u00f4t possible dans le cycle de vie de l\u2019application. Partant de ces constats, est-il possible de redonner aux d\u00e9veloppeurs une mesure de contr\u00f4le sur l\u2019impact environnemental de leurs applications? En consid\u00e9rant qu\u2019il est difficile d\u2019agir sur quelque chose qu\u2019on ne mesure pas, la premi\u00e8re \u00e9tape dans ce processus est de pouvoir mesurer ou au moins estimer de mani\u00e8re fiable la consommation \u00e9nerg\u00e9tique d\u2019une application. Nous examinerons les probl\u00e8mes soulev\u00e9s par cette approche et discuterons de possibles solutions. Finalement, nous ferons une d\u00e9monstration d\u2019un projet explorant certaines de ces probl\u00e8mes dans le cadre offert par Quarkus.<\/p>\n\n\n\n<h2 class=\"wp-block-heading\">Le conf\u00e9rencier: Christophe Laprun<\/h2>\n\n\n\n<p>Christophe Laprun est d\u00e9veloppeur chez Red Hat avec un int\u00e9r\u00eat particulier pour l\u2019exp\u00e9rience utilisateur m\u00eame quand les utilisateurs en question sont aussi d\u00e9veloppeurs et l\u2019intersection de l\u2019informatique avec la pr\u00e9servation de l\u2019environnement. Il est un des d\u00e9veloppeurs du projet Java Operator SDK et cr\u00e9ateur de son extension pour Quarkus. Quand il n\u2019est pas devant son ordinateur, on peut le trouver sur un VTT ou une planche de snowboard (tant qu\u2019il y\u2019a de la neige\u2026).<\/p>\n\n\n\n<h2 class=\"wp-block-heading\">Inscriptions<\/h2>\n\n\n\n<p>Les inscriptions se font sur Meetup <a href=\"https:\/\/www.meetup.com\/fr-FR\/alpesjug\/events\/305789031\">https:\/\/www.meetup.com\/fr-FR\/alpesjug\/events\/305789031<\/a><\/p>\n\n\n\n<p>Attention, nous nous r\u00e9unirons chez&nbsp;<a href=\"https:\/\/www.google.com\/maps\/place\/Salesforce\/@45.2030902,5.7696478,15z\/data=!4m5!3m4!1s0x0:0x49d5ff5337d1785!8m2!3d45.2030797!4d5.7694228\" target=\"_blank\" rel=\"noreferrer noopener\">SalesForce, 29 Bd des Alpes, 38240 Meylan<\/a><\/p>\n","protected":false},"excerpt":{"rendered":"<p>Le Mardi 04 F\u00e9vrier 2025 La conf\u00e9rence \u00c0 l\u2019heure des d\u00e9penses \u00e9nerg\u00e9tiques \u00e9normes des data centers, les d\u00e9veloppeurs peuvent se sentir impuissants vis-\u00e0-vis de leur impact sur l\u2019environnement. Par ailleurs, il est notoire que&#46;&#46;&#46;<\/p>\n","protected":false},"author":1,"featured_media":3544,"comment_status":"open","ping_status":"open","sticky":false,"template":"","format":"standard","meta":{"footnotes":""},"categories":[14],"tags":[368,4,53,11,518],"class_list":["post-3543","post","type-post","status-publish","format-standard","has-post-thumbnail","hentry","category-annonce","tag-java","tag-jug","tag-opensource","tag-soiree","tag-sustainability"],"_links":{"self":[{"href":"https:\/\/www.alpesjug.fr\/index.php?rest_route=\/wp\/v2\/posts\/3543","targetHints":{"allow":["GET"]}}],"collection":[{"href":"https:\/\/www.alpesjug.fr\/index.php?rest_route=\/wp\/v2\/posts"}],"about":[{"href":"https:\/\/www.alpesjug.fr\/index.php?rest_route=\/wp\/v2\/types\/post"}],"author":[{"embeddable":true,"href":"https:\/\/www.alpesjug.fr\/index.php?rest_route=\/wp\/v2\/users\/1"}],"replies":[{"embeddable":true,"href":"https:\/\/www.alpesjug.fr\/index.php?rest_route=%2Fwp%2Fv2%2Fcomments&post=3543"}],"version-history":[{"count":1,"href":"https:\/\/www.alpesjug.fr\/index.php?rest_route=\/wp\/v2\/posts\/3543\/revisions"}],"predecessor-version":[{"id":3545,"href":"https:\/\/www.alpesjug.fr\/index.php?rest_route=\/wp\/v2\/posts\/3543\/revisions\/3545"}],"wp:featuredmedia":[{"embeddable":true,"href":"https:\/\/www.alpesjug.fr\/index.php?rest_route=\/wp\/v2\/media\/3544"}],"wp:attachment":[{"href":"https:\/\/www.alpesjug.fr\/index.php?rest_route=%2Fwp%2Fv2%2Fmedia&parent=3543"}],"wp:term":[{"taxonomy":"category","embeddable":true,"href":"https:\/\/www.alpesjug.fr\/index.php?rest_route=%2Fwp%2Fv2%2Fcategories&post=3543"},{"taxonomy":"post_tag","embeddable":true,"href":"https:\/\/www.alpesjug.fr\/index.php?rest_route=%2Fwp%2Fv2%2Ftags&post=3543"}],"curies":[{"name":"wp","href":"https:\/\/api.w.org\/{rel}","templated":true}]}}