{"id":3512,"date":"2024-04-30T11:04:32","date_gmt":"2024-04-30T10:04:32","guid":{"rendered":"https:\/\/www.alpesjug.fr\/?p=3512"},"modified":"2024-05-28T09:15:50","modified_gmt":"2024-05-28T08:15:50","slug":"la-recherche-a-lere-de-lia","status":"publish","type":"post","link":"https:\/\/www.alpesjug.fr\/?p=3512","title":{"rendered":"La recherche \u00e0 l&rsquo;\u00e8re de l&rsquo;IA"},"content":{"rendered":"\n<p><strong>Le Mardi 14 Mai 2024<\/strong><\/p>\n\n\n\n<figure class=\"wp-block-image size-full is-resized\"><img loading=\"lazy\" decoding=\"async\" width=\"600\" height=\"338\" src=\"https:\/\/www.alpesjug.fr\/wp-content\/uploads\/2024\/04\/600_519557859.webp\" alt=\"\" class=\"wp-image-3513\" style=\"width:1279px;height:auto\" srcset=\"https:\/\/www.alpesjug.fr\/wp-content\/uploads\/2024\/04\/600_519557859.webp 600w, https:\/\/www.alpesjug.fr\/wp-content\/uploads\/2024\/04\/600_519557859-300x169.webp 300w\" sizes=\"auto, (max-width: 600px) 100vw, 600px\" \/><\/figure>\n\n\n\n<h2 class=\"wp-block-heading\">La conf\u00e9rence<\/h2>\n\n\n\n<p>La recherche ne se contente plus de l&rsquo;approche maintenant traditionnelle bas\u00e9e sur la fr\u00e9quence des termes (TF\/IDF ou BM25) mais plus sur la tendance actuelle du machine learning o\u00f9 les nouveaux mod\u00e8les ont ouvert une nouvelle dimension pour la recherche.<\/p>\n\n\n\n<p>Cette conf\u00e9rence donne un aper\u00e7u de :<\/p>\n\n\n\n<ul class=\"wp-block-list\">\n<li>La recherche \u00ab\u00a0Classique\u00a0\u00bb et ses limitations<\/li>\n\n\n\n<li>Qu&rsquo;est qu&rsquo;un mod\u00e8le de machine learning et comment vous pouvez l&rsquo;utiliser<\/li>\n\n\n\n<li>Comment utiliser la recherche vectorielle ou la recherche hybride dans Elasticsearch<\/li>\n\n\n\n<li>Comment ChatGPT d&rsquo;OpenAI ou les \u00ab\u00a0large language models\u00a0\u00bb (LLMs) similaires viennent jouer naturellement avec Elastic<\/li>\n<\/ul>\n\n\n\n<p>La d\u00e9mo principale montre comment g\u00e9n\u00e9rer des embeddings \u00e0 partir de musiques puis comment trouver la musique qui s&rsquo;approche le plus d&rsquo;une musique que nous fredonnons \ud83c\udfb6\ud83c\udfb8\ud83c\udfbb.<\/p>\n\n\n\n<h2 class=\"wp-block-heading\">Le conf\u00e9rencier: David Pilato<\/h2>\n\n\n\n<p>Depuis 2013, David Pilato est d\u00e9veloppeur et \u00e9vang\u00e9liste chez <a href=\"https:\/\/elastic.co\" target=\"_blank\" rel=\"noreferrer noopener\">elastic.co<\/a>, apr\u00e8s avoir pass\u00e9 les deux ann\u00e9es pr\u00e9c\u00e9dentes \u00e0 promouvoir le projet open-source Elasticsearch. Il en anime la communaut\u00e9 fran\u00e7aise et organise des <a href=\"https:\/\/www.elastic.co\/blog\/free-lunch-for-open-source-engineers\" target=\"_blank\" rel=\"noreferrer noopener\">BBLs<\/a> au sein des entreprises.<\/p>\n\n\n\n<h2 class=\"wp-block-heading\">Inscriptions<\/h2>\n\n\n\n<p>Les inscriptions se font sur Meetup\u00a0<a href=\"https:\/\/www.meetup.com\/fr-FR\/alpesjug\/events\/299609510\/\">https:\/\/www.meetup.com\/fr-FR\/alpesjug\/events\/299609510\/<\/a><\/p>\n\n\n\n<p>Attention, nous nous r\u00e9unirons chez&nbsp;<a href=\"https:\/\/www.google.com\/maps\/place\/Salesforce\/@45.2030902,5.7696478,15z\/data=!4m5!3m4!1s0x0:0x49d5ff5337d1785!8m2!3d45.2030797!4d5.7694228\" target=\"_blank\" rel=\"noreferrer noopener\">SalesForce, 29 Bd des Alpes, 38240 Meylan<\/a><\/p>\n","protected":false},"excerpt":{"rendered":"<p>Le Mardi 14 Mai 2024 La conf\u00e9rence La recherche ne se contente plus de l&rsquo;approche maintenant traditionnelle bas\u00e9e sur la fr\u00e9quence des termes (TF\/IDF ou BM25) mais plus sur la tendance actuelle du machine&#46;&#46;&#46;<\/p>\n","protected":false},"author":1,"featured_media":3513,"comment_status":"open","ping_status":"closed","sticky":false,"template":"","format":"standard","meta":{"footnotes":""},"categories":[14],"tags":[368,4,53,11],"class_list":["post-3512","post","type-post","status-publish","format-standard","has-post-thumbnail","hentry","category-annonce","tag-java","tag-jug","tag-opensource","tag-soiree"],"_links":{"self":[{"href":"https:\/\/www.alpesjug.fr\/index.php?rest_route=\/wp\/v2\/posts\/3512","targetHints":{"allow":["GET"]}}],"collection":[{"href":"https:\/\/www.alpesjug.fr\/index.php?rest_route=\/wp\/v2\/posts"}],"about":[{"href":"https:\/\/www.alpesjug.fr\/index.php?rest_route=\/wp\/v2\/types\/post"}],"author":[{"embeddable":true,"href":"https:\/\/www.alpesjug.fr\/index.php?rest_route=\/wp\/v2\/users\/1"}],"replies":[{"embeddable":true,"href":"https:\/\/www.alpesjug.fr\/index.php?rest_route=%2Fwp%2Fv2%2Fcomments&post=3512"}],"version-history":[{"count":2,"href":"https:\/\/www.alpesjug.fr\/index.php?rest_route=\/wp\/v2\/posts\/3512\/revisions"}],"predecessor-version":[{"id":3518,"href":"https:\/\/www.alpesjug.fr\/index.php?rest_route=\/wp\/v2\/posts\/3512\/revisions\/3518"}],"wp:featuredmedia":[{"embeddable":true,"href":"https:\/\/www.alpesjug.fr\/index.php?rest_route=\/wp\/v2\/media\/3513"}],"wp:attachment":[{"href":"https:\/\/www.alpesjug.fr\/index.php?rest_route=%2Fwp%2Fv2%2Fmedia&parent=3512"}],"wp:term":[{"taxonomy":"category","embeddable":true,"href":"https:\/\/www.alpesjug.fr\/index.php?rest_route=%2Fwp%2Fv2%2Fcategories&post=3512"},{"taxonomy":"post_tag","embeddable":true,"href":"https:\/\/www.alpesjug.fr\/index.php?rest_route=%2Fwp%2Fv2%2Ftags&post=3512"}],"curies":[{"name":"wp","href":"https:\/\/api.w.org\/{rel}","templated":true}]}}