{"id":3503,"date":"2024-03-13T09:37:13","date_gmt":"2024-03-13T08:37:13","guid":{"rendered":"https:\/\/www.alpesjug.fr\/?p=3503"},"modified":"2024-04-02T15:58:54","modified_gmt":"2024-04-02T14:58:54","slug":"les-carrieres-longues-pour-developpeurs","status":"publish","type":"post","link":"https:\/\/www.alpesjug.fr\/?p=3503","title":{"rendered":"Les carri\u00e8res longues pour d\u00e9veloppeurs"},"content":{"rendered":"\n<p><strong>Le Mardi 26 mars 2024<\/strong><\/p>\n\n\n\n<figure class=\"wp-block-image size-full\"><img loading=\"lazy\" decoding=\"async\" width=\"1024\" height=\"1024\" src=\"https:\/\/www.alpesjug.fr\/wp-content\/uploads\/2024\/03\/33d23fc0-0424-44d9-bcda-ebbdfb8d5c30.jpg\" alt=\"\" class=\"wp-image-3504\" srcset=\"https:\/\/www.alpesjug.fr\/wp-content\/uploads\/2024\/03\/33d23fc0-0424-44d9-bcda-ebbdfb8d5c30.jpg 1024w, https:\/\/www.alpesjug.fr\/wp-content\/uploads\/2024\/03\/33d23fc0-0424-44d9-bcda-ebbdfb8d5c30-300x300.jpg 300w, https:\/\/www.alpesjug.fr\/wp-content\/uploads\/2024\/03\/33d23fc0-0424-44d9-bcda-ebbdfb8d5c30-150x150.jpg 150w, https:\/\/www.alpesjug.fr\/wp-content\/uploads\/2024\/03\/33d23fc0-0424-44d9-bcda-ebbdfb8d5c30-768x768.jpg 768w, https:\/\/www.alpesjug.fr\/wp-content\/uploads\/2024\/03\/33d23fc0-0424-44d9-bcda-ebbdfb8d5c30-80x80.jpg 80w, https:\/\/www.alpesjug.fr\/wp-content\/uploads\/2024\/03\/33d23fc0-0424-44d9-bcda-ebbdfb8d5c30-320x320.jpg 320w\" sizes=\"auto, (max-width: 1024px) 100vw, 1024px\" \/><\/figure>\n\n\n\n<h2 class=\"wp-block-heading\">La conf\u00e9rence<\/h2>\n\n\n\n<p>Je donnerai un retour d\u2019exp\u00e9rience sur mon travail en tant que Senior Principal Software Engineer chez Red Hat (en \u00e9vitant d\u2019\u00eatre trop sp\u00e9cifique \u00e0 cette entreprise) : oui, on peut continuer \u00e0 coder dans des postes s\u00e9niors (regardez <a href=\"https:\/\/github.com\/skitt\/\" target=\"_blank\" rel=\"noreferrer noopener\">https:\/\/github.com\/skitt\/<\/a>), mais comme on peut s\u2019en douter, \u00e0 condition de ne pas faire que \u00e7a. Le reste, \u00e0 quoi \u00e7a ressemble ? Pour qui ce genre de r\u00f4le est-il pertinent ?<br>J\u2019expliquerai pourquoi je pr\u00e9sente mon r\u00f4le comme \u201cvisionary janitor\u201d (en gros, \u201chomme \u00e0 tout faire visionnaire\u201d). Il y aura de la \u201ccolle\u201d, du management sans \u00eatre manager, du mentoring, du changement de perspective\u2026 Mais pas seulement : j\u2019\u00e9voquerai aussi d\u2019autres perspectives pour des r\u00f4les s\u00e9niors, sans forc\u00e9ment suivre ce mod\u00e8le du \u201cstaff engineer\u201d. <\/p>\n\n\n\n<h2 class=\"wp-block-heading\">Le conf\u00e9rencier: <strong>Stephen Kitt<\/strong><\/h2>\n\n\n\n<p><strong>Stephen Kitt<\/strong> : est un factotum visionnaire (autrement dit, un d\u00e9veloppeur s\u00e9nior) chez Red Hat. Il travaille depuis plusieurs ann\u00e9es dans le domaine des logiciels r\u00e9seau, d\u2019abord sur OpenDaylight (une platforme de r\u00e9seau d\u00e9fini par logiciel), et maintenant sur les r\u00e9seaux multi-clusters dans Kubernetes. Il est un des responsables du projet Submariner et est fortement impliqu\u00e9 dans le SIG Multicluster du projet Kubernetes. Quand il ne travaille pas, il contribue \u00e0 Debian, fait du v\u00e9lo (gravel), ou tente d\u2019apprivoiser la faune et la flore de son jardin.<\/p>\n\n\n\n<h2 class=\"wp-block-heading\">Inscriptions<\/h2>\n\n\n\n<p>Les inscriptions se font sur Meetup\u00a0<a href=\"https:\/\/www.meetup.com\/fr-FR\/alpesjug\/events\/299019776\/\" target=\"_blank\" rel=\"noreferrer noopener\">https:\/\/www.meetup.com\/fr-FR\/alpesjug\/events\/299190337\/<\/a><\/p>\n\n\n\n<p>Attention, nous nous r\u00e9unirons chez&nbsp;<a href=\"https:\/\/www.google.com\/maps\/place\/Salesforce\/@45.2030902,5.7696478,15z\/data=!4m5!3m4!1s0x0:0x49d5ff5337d1785!8m2!3d45.2030797!4d5.7694228\" target=\"_blank\" rel=\"noreferrer noopener\">SalesForce, 29 Bd des Alpes, 38240 Meylan<\/a><\/p>\n","protected":false},"excerpt":{"rendered":"<p>un retour d\u2019exp\u00e9rience sur mon travail en tant que Senior Principal Software Engineer chez Red Hat (en \u00e9vitant d\u2019\u00eatre trop sp\u00e9cifique \u00e0 cette entreprise)<\/p>\n","protected":false},"author":1,"featured_media":3504,"comment_status":"open","ping_status":"open","sticky":false,"template":"","format":"standard","meta":{"footnotes":""},"categories":[14],"tags":[4,516,11],"class_list":["post-3503","post","type-post","status-publish","format-standard","has-post-thumbnail","hentry","category-annonce","tag-jug","tag-rex","tag-soiree"],"_links":{"self":[{"href":"https:\/\/www.alpesjug.fr\/index.php?rest_route=\/wp\/v2\/posts\/3503","targetHints":{"allow":["GET"]}}],"collection":[{"href":"https:\/\/www.alpesjug.fr\/index.php?rest_route=\/wp\/v2\/posts"}],"about":[{"href":"https:\/\/www.alpesjug.fr\/index.php?rest_route=\/wp\/v2\/types\/post"}],"author":[{"embeddable":true,"href":"https:\/\/www.alpesjug.fr\/index.php?rest_route=\/wp\/v2\/users\/1"}],"replies":[{"embeddable":true,"href":"https:\/\/www.alpesjug.fr\/index.php?rest_route=%2Fwp%2Fv2%2Fcomments&post=3503"}],"version-history":[{"count":1,"href":"https:\/\/www.alpesjug.fr\/index.php?rest_route=\/wp\/v2\/posts\/3503\/revisions"}],"predecessor-version":[{"id":3505,"href":"https:\/\/www.alpesjug.fr\/index.php?rest_route=\/wp\/v2\/posts\/3503\/revisions\/3505"}],"wp:featuredmedia":[{"embeddable":true,"href":"https:\/\/www.alpesjug.fr\/index.php?rest_route=\/wp\/v2\/media\/3504"}],"wp:attachment":[{"href":"https:\/\/www.alpesjug.fr\/index.php?rest_route=%2Fwp%2Fv2%2Fmedia&parent=3503"}],"wp:term":[{"taxonomy":"category","embeddable":true,"href":"https:\/\/www.alpesjug.fr\/index.php?rest_route=%2Fwp%2Fv2%2Fcategories&post=3503"},{"taxonomy":"post_tag","embeddable":true,"href":"https:\/\/www.alpesjug.fr\/index.php?rest_route=%2Fwp%2Fv2%2Ftags&post=3503"}],"curies":[{"name":"wp","href":"https:\/\/api.w.org\/{rel}","templated":true}]}}