{"id":3497,"date":"2024-02-06T10:06:16","date_gmt":"2024-02-06T09:06:16","guid":{"rendered":"https:\/\/www.alpesjug.fr\/?p=3497"},"modified":"2024-03-13T09:32:32","modified_gmt":"2024-03-13T08:32:32","slug":"wildfly-glow-produire-le-serveur-wildfly-dont-votre-application-a-besoin","status":"publish","type":"post","link":"https:\/\/www.alpesjug.fr\/?p=3497","title":{"rendered":"WildFly Glow, produire le serveur WildFly dont votre application a besoin"},"content":{"rendered":"\n<p><strong>Le Mardi 13 F\u00e9vrier 2024<\/strong><\/p>\n\n\n\n<figure class=\"wp-block-image size-full\"><img loading=\"lazy\" decoding=\"async\" width=\"512\" height=\"512\" src=\"https:\/\/www.alpesjug.fr\/wp-content\/uploads\/2024\/02\/8-WmSNH60QqOQYehO.png\" alt=\"\" class=\"wp-image-3498\" style=\"aspect-ratio:4\/3;object-fit:cover\" title=\"Illustration g\u00e9n\u00e9r\u00e9e gr\u00e2ce \u00e0 hotpot.ai\/art-generator\" srcset=\"https:\/\/www.alpesjug.fr\/wp-content\/uploads\/2024\/02\/8-WmSNH60QqOQYehO.png 512w, https:\/\/www.alpesjug.fr\/wp-content\/uploads\/2024\/02\/8-WmSNH60QqOQYehO-300x300.png 300w, https:\/\/www.alpesjug.fr\/wp-content\/uploads\/2024\/02\/8-WmSNH60QqOQYehO-150x150.png 150w, https:\/\/www.alpesjug.fr\/wp-content\/uploads\/2024\/02\/8-WmSNH60QqOQYehO-80x80.png 80w, https:\/\/www.alpesjug.fr\/wp-content\/uploads\/2024\/02\/8-WmSNH60QqOQYehO-320x320.png 320w\" sizes=\"auto, (max-width: 512px) 100vw, 512px\" \/><\/figure>\n\n\n\n<h2 class=\"wp-block-heading\">La conf\u00e9rence<\/h2>\n\n\n\n<p>Cette pr\u00e9sentation est une introduction a WildFly Glow, une nouvelle approche pour le provisioning de WildFly.<br>Le provisioning de WildFly en g\u00e9n\u00e9ral sera tout d&rsquo;abord pr\u00e9sent\u00e9, ses limites d\u00e9taill\u00e9es puis nous verrons comment WildFly Glow simplifie drastiquement l\u2019exp\u00e9rience utilisateur.<br>Pendant la pr\u00e9sentation le tooling de WildFly Glow sera d\u00e9montr\u00e9.<\/p>\n\n\n\n<h2 class=\"wp-block-heading\">Le conf\u00e9rencier: <strong>Jean-Fran\u00e7ois Denise<\/strong><\/h2>\n\n\n\n<p>Jean-Fran\u00e7ois est un \u00ab\u00a0Principal software engineer\u00a0\u00bb chez Red Hat. Il est implique dans le tooling ainsi que le WildFly provisioning (WildFly CLI, WildFly Bootable JAR, Openshift images, WildFly Glow).<\/p>\n\n\n\n<h2 class=\"wp-block-heading\">Inscriptions<\/h2>\n\n\n\n<p>Les inscriptions se font sur Meetup\u00a0<a href=\"https:\/\/www.meetup.com\/fr-FR\/alpesjug\/events\/299019776\/\" target=\"_blank\" rel=\"noreferrer noopener\">https:\/\/www.meetup.com\/fr-FR\/alpesjug\/events\/299019776\/<\/a><\/p>\n\n\n\n<p>Attention, nous nous r\u00e9unirons chez&nbsp;<a href=\"https:\/\/www.google.com\/maps\/place\/Salesforce\/@45.2030902,5.7696478,15z\/data=!4m5!3m4!1s0x0:0x49d5ff5337d1785!8m2!3d45.2030797!4d5.7694228\" target=\"_blank\" rel=\"noreferrer noopener\">SalesForce, 29 Bd des Alpes, 38240 Meylan<\/a><\/p>\n","protected":false},"excerpt":{"rendered":"<p>Le Mardi 13 F\u00e9vrier 2024 La conf\u00e9rence Cette pr\u00e9sentation est une introduction a WildFly Glow, une nouvelle approche pour le provisioning de WildFly.Le provisioning de WildFly en g\u00e9n\u00e9ral sera tout d&rsquo;abord pr\u00e9sent\u00e9, ses limites&#46;&#46;&#46;<\/p>\n","protected":false},"author":1,"featured_media":3498,"comment_status":"open","ping_status":"open","sticky":false,"template":"","format":"standard","meta":{"footnotes":""},"categories":[14],"tags":[13,368,53,11,235],"class_list":["post-3497","post","type-post","status-publish","format-standard","has-post-thumbnail","hentry","category-annonce","tag-framework","tag-java","tag-opensource","tag-soiree","tag-wildfly"],"_links":{"self":[{"href":"https:\/\/www.alpesjug.fr\/index.php?rest_route=\/wp\/v2\/posts\/3497","targetHints":{"allow":["GET"]}}],"collection":[{"href":"https:\/\/www.alpesjug.fr\/index.php?rest_route=\/wp\/v2\/posts"}],"about":[{"href":"https:\/\/www.alpesjug.fr\/index.php?rest_route=\/wp\/v2\/types\/post"}],"author":[{"embeddable":true,"href":"https:\/\/www.alpesjug.fr\/index.php?rest_route=\/wp\/v2\/users\/1"}],"replies":[{"embeddable":true,"href":"https:\/\/www.alpesjug.fr\/index.php?rest_route=%2Fwp%2Fv2%2Fcomments&post=3497"}],"version-history":[{"count":1,"href":"https:\/\/www.alpesjug.fr\/index.php?rest_route=\/wp\/v2\/posts\/3497\/revisions"}],"predecessor-version":[{"id":3499,"href":"https:\/\/www.alpesjug.fr\/index.php?rest_route=\/wp\/v2\/posts\/3497\/revisions\/3499"}],"wp:featuredmedia":[{"embeddable":true,"href":"https:\/\/www.alpesjug.fr\/index.php?rest_route=\/wp\/v2\/media\/3498"}],"wp:attachment":[{"href":"https:\/\/www.alpesjug.fr\/index.php?rest_route=%2Fwp%2Fv2%2Fmedia&parent=3497"}],"wp:term":[{"taxonomy":"category","embeddable":true,"href":"https:\/\/www.alpesjug.fr\/index.php?rest_route=%2Fwp%2Fv2%2Fcategories&post=3497"},{"taxonomy":"post_tag","embeddable":true,"href":"https:\/\/www.alpesjug.fr\/index.php?rest_route=%2Fwp%2Fv2%2Ftags&post=3497"}],"curies":[{"name":"wp","href":"https:\/\/api.w.org\/{rel}","templated":true}]}}