{"id":3418,"date":"2023-10-12T17:11:25","date_gmt":"2023-10-12T16:11:25","guid":{"rendered":"https:\/\/www.alpesjug.fr\/?p=3418"},"modified":"2023-10-12T17:11:25","modified_gmt":"2023-10-12T16:11:25","slug":"discussion-autour-de-java-21","status":"publish","type":"post","link":"https:\/\/www.alpesjug.fr\/?p=3418","title":{"rendered":"Discussion autour de Java 21"},"content":{"rendered":"<div class=\"wp-block-image\">\n<figure class=\"alignright size-full is-resized\"><img loading=\"lazy\" decoding=\"async\" src=\"https:\/\/www.alpesjug.fr\/wp-content\/uploads\/2023\/10\/image.png\" alt=\"\" class=\"wp-image-3420\" style=\"width:331px;height:171px\" width=\"331\" height=\"171\" srcset=\"https:\/\/www.alpesjug.fr\/wp-content\/uploads\/2023\/10\/image.png 300w, https:\/\/www.alpesjug.fr\/wp-content\/uploads\/2023\/10\/image-150x78.png 150w\" sizes=\"auto, (max-width: 331px) 100vw, 331px\" \/><\/figure>\n<\/div>\n\n\n<figure class=\"wp-block-image is-resized\"><img loading=\"lazy\" decoding=\"async\" src=\"https:\/\/training.zenika.com\/_nuxt\/img\/zenika_logo_horizontal_black.a41f832.png\" alt=\"Formations Zenika - Open Source et M\u00e9thodes Agile - Angular ...\" style=\"width:327px;height:174px\" width=\"327\" height=\"174\"\/><\/figure>\n\n\n\n<p>En collaboration avec l&rsquo;agence Zenika de Grenoble, l&rsquo;AlpesJUG vous convie le Mercredi 18 Octobre, \u00e0 18H30,  \u00e0 une soir\u00e9e conviviale pour \u00e9changer ouvertement autour de la plateforme Java et de sa nouvelle version LTS.<\/p>\n\n\n<div class=\"wp-block-image\">\n<figure class=\"aligncenter size-large is-resized\"><img loading=\"lazy\" decoding=\"async\" src=\"https:\/\/www.alpesjug.fr\/wp-content\/uploads\/2023\/10\/image-1-1024x532.png\" alt=\"\" class=\"wp-image-3423\" style=\"width:320px;height:166px\" width=\"320\" height=\"166\" srcset=\"https:\/\/www.alpesjug.fr\/wp-content\/uploads\/2023\/10\/image-1-1024x532.png 1024w, https:\/\/www.alpesjug.fr\/wp-content\/uploads\/2023\/10\/image-1-300x156.png 300w, https:\/\/www.alpesjug.fr\/wp-content\/uploads\/2023\/10\/image-1-768x399.png 768w, https:\/\/www.alpesjug.fr\/wp-content\/uploads\/2023\/10\/image-1-150x78.png 150w, https:\/\/www.alpesjug.fr\/wp-content\/uploads\/2023\/10\/image-1-400x208.png 400w, https:\/\/www.alpesjug.fr\/wp-content\/uploads\/2023\/10\/image-1.png 1280w\" sizes=\"auto, (max-width: 320px) 100vw, 320px\" \/><\/figure>\n<\/div>\n\n\n<p>Java 21, nouvelle version support\u00e9e sur le long terme (LTS), est disponible depuis moins d&rsquo;un mois. Elle apporte une quinzaine de nouvelles fonctionnalit\u00e9s dont les threads virtuels, le ZGC g\u00e9n\u00e9rationnel, les record patterns ou encore le pattern matching pour switch.<\/p>\n\n\n\n<p>Venez donc t\u00e9moigner de vos premi\u00e8res impressions, de votre exp\u00e9rience, poser vos questions, d\u00e9couvrir, partager, \u00e9couter, et surtout passer un moment convivial entre devs. Comme d&rsquo;habitude, la soir\u00e9e s&rsquo;ach\u00e8vera sur des discusions plus informelles autour d&rsquo;une collation.<\/p>\n\n\n\n<p>La soir\u00e9e sera anim\u00e9e par Christophe Taret, consultant s\u00e9nior chez Zenika.<\/p>\n\n\n\n<p>Les inscriptions se font sur Meetup\u00a0: <a href=\"https:\/\/www.meetup.com\/alpesjug\/events\/296699487\/\">https:\/\/www.meetup.com\/alpesjug\/events\/296699487\/<\/a><\/p>\n\n\n\n<p>Attention, cette soir\u00e9e a lieu dans les locaux de <strong>Zenika<\/strong>,  <strong>8 rue Alsace Lorraine, 38000 Grenoble<\/strong>.<\/p>\n","protected":false},"excerpt":{"rendered":"<p>En collaboration avec l&rsquo;agence Zenika de Grenoble, l&rsquo;AlpesJUG vous convie le Mercredi 18 Octobre, \u00e0 18H30, \u00e0 une soir\u00e9e conviviale pour \u00e9changer ouvertement autour de la plateforme Java et de sa nouvelle version LTS.&#46;&#46;&#46;<\/p>\n","protected":false},"author":6,"featured_media":0,"comment_status":"open","ping_status":"open","sticky":false,"template":"","format":"standard","meta":{"footnotes":""},"categories":[14],"tags":[],"class_list":["post-3418","post","type-post","status-publish","format-standard","hentry","category-annonce"],"_links":{"self":[{"href":"https:\/\/www.alpesjug.fr\/index.php?rest_route=\/wp\/v2\/posts\/3418","targetHints":{"allow":["GET"]}}],"collection":[{"href":"https:\/\/www.alpesjug.fr\/index.php?rest_route=\/wp\/v2\/posts"}],"about":[{"href":"https:\/\/www.alpesjug.fr\/index.php?rest_route=\/wp\/v2\/types\/post"}],"author":[{"embeddable":true,"href":"https:\/\/www.alpesjug.fr\/index.php?rest_route=\/wp\/v2\/users\/6"}],"replies":[{"embeddable":true,"href":"https:\/\/www.alpesjug.fr\/index.php?rest_route=%2Fwp%2Fv2%2Fcomments&post=3418"}],"version-history":[{"count":8,"href":"https:\/\/www.alpesjug.fr\/index.php?rest_route=\/wp\/v2\/posts\/3418\/revisions"}],"predecessor-version":[{"id":3433,"href":"https:\/\/www.alpesjug.fr\/index.php?rest_route=\/wp\/v2\/posts\/3418\/revisions\/3433"}],"wp:attachment":[{"href":"https:\/\/www.alpesjug.fr\/index.php?rest_route=%2Fwp%2Fv2%2Fmedia&parent=3418"}],"wp:term":[{"taxonomy":"category","embeddable":true,"href":"https:\/\/www.alpesjug.fr\/index.php?rest_route=%2Fwp%2Fv2%2Fcategories&post=3418"},{"taxonomy":"post_tag","embeddable":true,"href":"https:\/\/www.alpesjug.fr\/index.php?rest_route=%2Fwp%2Fv2%2Ftags&post=3418"}],"curies":[{"name":"wp","href":"https:\/\/api.w.org\/{rel}","templated":true}]}}