{"id":3400,"date":"2023-06-01T14:18:18","date_gmt":"2023-06-01T13:18:18","guid":{"rendered":"https:\/\/www.alpesjug.fr\/?p=3400"},"modified":"2023-10-10T17:43:04","modified_gmt":"2023-10-10T16:43:04","slug":"accelerer-vos-applications-monolitiques-et-microservices-avec-graalvm","status":"publish","type":"post","link":"https:\/\/www.alpesjug.fr\/?p=3400","title":{"rendered":"Acc\u00e9lerer vos Applications Monolitiques et Microservices avec GraalVM"},"content":{"rendered":"\n<p>Le Jeudi 29 Juin, pour la derni\u00e8re session avant de bonnes vacances pour tous, l&rsquo;AlpesJUG accueille Alvadas Nono, Oracle, pour une plong\u00e9e dans GraalVM et les applications natives.<\/p>\n\n\n\n<figure class=\"wp-block-image size-large\"><img loading=\"lazy\" decoding=\"async\" width=\"1024\" height=\"388\" src=\"https:\/\/www.alpesjug.fr\/wp-content\/uploads\/2023\/05\/graalvm-github-1024x388.png\" alt=\"\" class=\"wp-image-3401\" srcset=\"https:\/\/www.alpesjug.fr\/wp-content\/uploads\/2023\/05\/graalvm-github-1024x388.png 1024w, https:\/\/www.alpesjug.fr\/wp-content\/uploads\/2023\/05\/graalvm-github-300x114.png 300w, https:\/\/www.alpesjug.fr\/wp-content\/uploads\/2023\/05\/graalvm-github-768x291.png 768w, https:\/\/www.alpesjug.fr\/wp-content\/uploads\/2023\/05\/graalvm-github-150x57.png 150w, https:\/\/www.alpesjug.fr\/wp-content\/uploads\/2023\/05\/graalvm-github-400x152.png 400w, https:\/\/www.alpesjug.fr\/wp-content\/uploads\/2023\/05\/graalvm-github.png 1280w\" sizes=\"auto, (max-width: 1024px) 100vw, 1024px\" \/><\/figure>\n\n\n\n<h2 class=\"wp-block-heading\"><strong>La conf\u00e9rence:<\/strong><\/h2>\n\n\n\n<p>Lorsque nous parlons de performances exceptionnelles, de temps de d\u00e9marrage supersonique et d&rsquo;une utilisation rationnelle des ressources, il est impossible de ne pas mentionner Oracle GraalVM. Vous en avez peut-\u00eatre d\u00e9j\u00e0 entendu parler, mais qu&rsquo;en est-il exactement ?<\/p>\n\n\n\n<p>GraalVM transcende les fronti\u00e8res de la simple plateforme de d\u00e9veloppement logiciel. C&rsquo;est une v\u00e9ritable passerelle vers l&rsquo;innovation, une source d&rsquo;inspiration pour les d\u00e9veloppeurs qui aspirent \u00e0 atteindre de nouveaux sommets. C&rsquo;est un outil puissant qui permet de repousser les limites, d&rsquo;explorer de nouvelles possibilit\u00e9s et de transformer notre approche du d\u00e9veloppement d&rsquo;applications.<\/p>\n\n\n\n<p>Aujourd&rsquo;hui, GraalVM se positionne en tant que machine virtuelle la plus performante du march\u00e9. C&rsquo;est un v\u00e9ritable couteau suisse, offrant des d\u00e9bits \u00e9lev\u00e9s, une utilisation rationnelle des ressources m\u00e9moire et CPU, ainsi qu&rsquo;une prise en charge native de plusieurs langages de programmation. De plus, il permet la compilation en binaire ex\u00e9cutable des programmes Java, r\u00e9duisant ainsi les co\u00fbts d&rsquo;infrastructure dans les cloud public et priv\u00e9.<\/p>\n\n\n\n<p>Que vous soyez d\u00e9veloppeur, op\u00e9rationnel, gestionnaire d&rsquo;application, d&rsquo;infrastructure ou m\u00eame DSI, cette session est faite pour vous.<br>Rejoignez-nous lors de cette session interactive en direct pour :<\/p>\n\n\n\n<ul class=\"wp-block-list\">\n<li>D\u00e9couvrir en d\u00e9tail le fonctionnement de GraalVM et comment cette technologie peut consid\u00e9rablement am\u00e9liorer les performances de vos applications tout en r\u00e9duisant vos co\u00fbts.<\/li>\n\n\n\n<li> Comprendre comment booster les performances de vos applications existantes sans avoir besoin de modifier le code source.<\/li>\n\n\n\n<li> Explorer les cas d&rsquo;usage innovants de GraalVM en entreprise, des microservices aux architectures serverless, tout en b\u00e9n\u00e9ficiant des retours d&rsquo;exp\u00e9rience enrichissants des professionnels.<\/li>\n<\/ul>\n\n\n\n<p>Ensemble, nous explorerons les possibilit\u00e9s infinies qu&rsquo;offre cette plateforme r\u00e9volutionnaire. Nous vous invitons \u00e0 vous joindre \u00e0 nous pour un voyage o\u00f9 l&rsquo;innovation est la destination.<\/p>\n\n\n\n<p>R\u00e9servez d\u00e8s maintenant votre place et pr\u00e9parez-vous \u00e0 \u00eatre inspir\u00e9 par les performances hors du commun de GraalVM. Nous avons h\u00e2te de vous accueillir et de partager cette exp\u00e9rience transformative avec vous.<\/p>\n\n\n\n<h2 class=\"wp-block-heading\">Le conf\u00e9<strong>r<\/strong>encier : Elvadas Nono<\/h2>\n\n\n\n<p>Elvadas est un enthousiaste du logiciel, actuellement Solution Architect chez Oracle.<br>Il consacre son temps \u00e0 assister les clients dans leurs efforts de transformation num\u00e9rique : aider les \u00e9quipes Dev &amp; Ops \u00e0 concevoir, impl\u00e9menter et op\u00e9rer des syst\u00e8mes distribu\u00e9s et \u00e9volutifs avec les technologies de Oracle.<\/p>\n\n\n\n<h2 class=\"wp-block-heading\">Inscription<\/h2>\n\n\n\n<p>Les inscriptions se font sur Meetup\u00a0<a href=\"https:\/\/www.meetup.com\/alpesjug\/events\/293880998\/\" target=\"_blank\" rel=\"noreferrer noopener\">https:\/\/www.meetup.com\/alpesjug\/events\/293880998\/<\/a><\/p>\n\n\n\n<p>Attention, nous nous r\u00e9unirons chez&nbsp;<a rel=\"noreferrer noopener\" href=\"https:\/\/www.google.com\/maps\/place\/Salesforce\/@45.2030902,5.7696478,15z\/data=!4m5!3m4!1s0x0:0x49d5ff5337d1785!8m2!3d45.2030797!4d5.7694228\" target=\"_blank\">SalesForce, 29 Bd des Alpes, 38240 Meylan<\/a><\/p>\n","protected":false},"excerpt":{"rendered":"<p>Le Jeudi 29 Juin, pour la derni\u00e8re session avant de bonnes vacances pour tous, l&rsquo;AlpesJUG accueille Alvadas Nono, Oracle, pour une plong\u00e9e dans GraalVM et les applications natives. La conf\u00e9rence: Lorsque nous parlons de&#46;&#46;&#46;<\/p>\n","protected":false},"author":6,"featured_media":0,"comment_status":"open","ping_status":"open","sticky":false,"template":"","format":"standard","meta":{"footnotes":""},"categories":[14],"tags":[],"class_list":["post-3400","post","type-post","status-publish","format-standard","hentry","category-annonce"],"_links":{"self":[{"href":"https:\/\/www.alpesjug.fr\/index.php?rest_route=\/wp\/v2\/posts\/3400","targetHints":{"allow":["GET"]}}],"collection":[{"href":"https:\/\/www.alpesjug.fr\/index.php?rest_route=\/wp\/v2\/posts"}],"about":[{"href":"https:\/\/www.alpesjug.fr\/index.php?rest_route=\/wp\/v2\/types\/post"}],"author":[{"embeddable":true,"href":"https:\/\/www.alpesjug.fr\/index.php?rest_route=\/wp\/v2\/users\/6"}],"replies":[{"embeddable":true,"href":"https:\/\/www.alpesjug.fr\/index.php?rest_route=%2Fwp%2Fv2%2Fcomments&post=3400"}],"version-history":[{"count":2,"href":"https:\/\/www.alpesjug.fr\/index.php?rest_route=\/wp\/v2\/posts\/3400\/revisions"}],"predecessor-version":[{"id":3403,"href":"https:\/\/www.alpesjug.fr\/index.php?rest_route=\/wp\/v2\/posts\/3400\/revisions\/3403"}],"wp:attachment":[{"href":"https:\/\/www.alpesjug.fr\/index.php?rest_route=%2Fwp%2Fv2%2Fmedia&parent=3400"}],"wp:term":[{"taxonomy":"category","embeddable":true,"href":"https:\/\/www.alpesjug.fr\/index.php?rest_route=%2Fwp%2Fv2%2Fcategories&post=3400"},{"taxonomy":"post_tag","embeddable":true,"href":"https:\/\/www.alpesjug.fr\/index.php?rest_route=%2Fwp%2Fv2%2Ftags&post=3400"}],"curies":[{"name":"wp","href":"https:\/\/api.w.org\/{rel}","templated":true}]}}