{"id":3396,"date":"2023-05-11T08:32:45","date_gmt":"2023-05-11T07:32:45","guid":{"rendered":"https:\/\/www.alpesjug.fr\/?p=3396"},"modified":"2023-06-05T11:19:53","modified_gmt":"2023-06-05T10:19:53","slug":"integration-a-lere-du-cloud-avec-camel-quarkus","status":"publish","type":"post","link":"https:\/\/www.alpesjug.fr\/?p=3396","title":{"rendered":"Int\u00e9gration \u00e0 l\u2019\u00e8re du cloud avec Camel Quarkus"},"content":{"rendered":"\n<p>Le Mardi 30 Mai l&rsquo;AlpesJUG a le plaisir d&rsquo;accueillir Zineb Bendhiba pour venir nous parler Apache Camel et Quarkus dans le cloud.<\/p>\n\n\n\n<figure class=\"wp-block-image size-full\"><img loading=\"lazy\" decoding=\"async\" width=\"960\" height=\"480\" src=\"https:\/\/www.alpesjug.fr\/wp-content\/uploads\/2023\/05\/camel_quarkus.png\" alt=\"\" class=\"wp-image-3397\" srcset=\"https:\/\/www.alpesjug.fr\/wp-content\/uploads\/2023\/05\/camel_quarkus.png 960w, https:\/\/www.alpesjug.fr\/wp-content\/uploads\/2023\/05\/camel_quarkus-300x150.png 300w, https:\/\/www.alpesjug.fr\/wp-content\/uploads\/2023\/05\/camel_quarkus-768x384.png 768w, https:\/\/www.alpesjug.fr\/wp-content\/uploads\/2023\/05\/camel_quarkus-150x75.png 150w, https:\/\/www.alpesjug.fr\/wp-content\/uploads\/2023\/05\/camel_quarkus-400x200.png 400w\" sizes=\"auto, (max-width: 960px) 100vw, 960px\" \/><\/figure>\n\n\n\n<h2 class=\"wp-block-heading\">La conf\u00e9rence:<\/h2>\n\n\n\n<p>Dans un univers informatique dont l\u2019expansion ne cesse d\u2019acc\u00e9l\u00e9rer, le besoin de faire communiquer des syst\u00e8mes disparates se renforce jour apr\u00e8s jour. D\u00e9velopp\u00e9 en Java, le projet Open Source Apache Camel fournit avec ses 350 connecteurs une r\u00e9ponse prouv\u00e9e \u00e0 ce besoin toujours croissant d\u2019int\u00e9gration entre syst\u00e8mes.<\/p>\n\n\n\n<p>Mais \u00e0 l\u2019\u00e8re du cloud, des projets comme Quarkus changent compl\u00e8tement la donne. Simplicit\u00e9 de d\u00e9veloppement, d\u00e9marrage d\u2019une JVM en quelques millisecondes, faible consommation m\u00e9moire\u2026 Comment Camel peut-il profiter de ces nouveaux avantages ? C\u2019est tout l\u2019objet du projet Camel Quarkus que je souhaite faire d\u00e9couvrir lors de cette pr\u00e9sentation.<\/p>\n\n\n\n<p>Apr\u00e8s avoir expliqu\u00e9 quelques concepts essentiels, nous verrons \u00e0 travers un exemple cod\u00e9 comment Quarkus et Camel constituent de bons alli\u00e9s pour mettre en place des architectures d\u00e9coupl\u00e9es, maintenables et facilement d\u00e9ployable dans Kubernetes.<\/p>\n\n\n\n<h2 class=\"wp-block-heading\">La conf\u00e9renci\u00e8re: Zineb Bendhiba<\/h2>\n\n\n<div class=\"wp-block-image\">\n<figure class=\"alignright is-resized\"><img loading=\"lazy\" decoding=\"async\" src=\"https:\/\/zinebbendhiba.com\/assets\/images\/zineb_bendhiba_2022.jpg\" alt=\"Zineb Bendhiba\" width=\"135\" height=\"135\"\/><\/figure>\n<\/div>\n\n\n<h3 class=\"wp-block-heading\"><\/h3>\n\n\n\n<p>Zineb est Senior Software Engineer chez Red Hat, avec plus de 15 ans d\u2019exp\u00e9rience dans le d\u00e9veloppement logiciel. Elle est une d\u00e9veloppeuse Java Open Source passionn\u00e9e avec un fort int\u00e9r\u00eat pour les logiciels Open Source et les solutions d\u2019Integration. En tant que contributrice active et membre du PMC d\u2019Apache Camel, elle travaille sur le d\u00e9veloppement d\u2019extensions Camel pour Quarkus, offrant ainsi les capacit\u00e9s d\u2019int\u00e9gration de Apache Camel pour les applications Java Cloud Native.<\/p>\n\n\n\n<h2 class=\"wp-block-heading\">Inscription<\/h2>\n\n\n\n<p>Les inscriptions se font sur Meetup&nbsp;<a rel=\"noreferrer noopener\" href=\"https:\/\/www.meetup.com\/fr-FR\/alpesjug\/events\/291728081\" target=\"_blank\">https:\/\/www.meetup.com\/fr-FR\/alpesjug\/events\/293463649\/<\/a><\/p>\n\n\n\n<p>Attention, nous nous r\u00e9unirons chez&nbsp;<a rel=\"noreferrer noopener\" href=\"https:\/\/www.google.com\/maps\/place\/Salesforce\/@45.2030902,5.7696478,15z\/data=!4m5!3m4!1s0x0:0x49d5ff5337d1785!8m2!3d45.2030797!4d5.7694228\" target=\"_blank\">SalesForce, 29 Bd des Alpes, 38240 Meylan<\/a><\/p>\n","protected":false},"excerpt":{"rendered":"<p>Le Mardi 30 Mai l&rsquo;AlpesJUG a le plaisir d&rsquo;accueillir Zineb Bendhiba pour venir nous parler Apache Camel et Quarkus dans le cloud.<\/p>\n","protected":false},"author":1,"featured_media":3397,"comment_status":"open","ping_status":"open","sticky":false,"template":"","format":"standard","meta":{"footnotes":""},"categories":[14],"tags":[510,377,511,368,53,496,11],"class_list":["post-3396","post","type-post","status-publish","format-standard","has-post-thumbnail","hentry","category-annonce","tag-camel","tag-cloud","tag-integration","tag-java","tag-opensource","tag-quarkus","tag-soiree"],"_links":{"self":[{"href":"https:\/\/www.alpesjug.fr\/index.php?rest_route=\/wp\/v2\/posts\/3396","targetHints":{"allow":["GET"]}}],"collection":[{"href":"https:\/\/www.alpesjug.fr\/index.php?rest_route=\/wp\/v2\/posts"}],"about":[{"href":"https:\/\/www.alpesjug.fr\/index.php?rest_route=\/wp\/v2\/types\/post"}],"author":[{"embeddable":true,"href":"https:\/\/www.alpesjug.fr\/index.php?rest_route=\/wp\/v2\/users\/1"}],"replies":[{"embeddable":true,"href":"https:\/\/www.alpesjug.fr\/index.php?rest_route=%2Fwp%2Fv2%2Fcomments&post=3396"}],"version-history":[{"count":2,"href":"https:\/\/www.alpesjug.fr\/index.php?rest_route=\/wp\/v2\/posts\/3396\/revisions"}],"predecessor-version":[{"id":3405,"href":"https:\/\/www.alpesjug.fr\/index.php?rest_route=\/wp\/v2\/posts\/3396\/revisions\/3405"}],"wp:featuredmedia":[{"embeddable":true,"href":"https:\/\/www.alpesjug.fr\/index.php?rest_route=\/wp\/v2\/media\/3397"}],"wp:attachment":[{"href":"https:\/\/www.alpesjug.fr\/index.php?rest_route=%2Fwp%2Fv2%2Fmedia&parent=3396"}],"wp:term":[{"taxonomy":"category","embeddable":true,"href":"https:\/\/www.alpesjug.fr\/index.php?rest_route=%2Fwp%2Fv2%2Fcategories&post=3396"},{"taxonomy":"post_tag","embeddable":true,"href":"https:\/\/www.alpesjug.fr\/index.php?rest_route=%2Fwp%2Fv2%2Ftags&post=3396"}],"curies":[{"name":"wp","href":"https:\/\/api.w.org\/{rel}","templated":true}]}}