{"id":3392,"date":"2023-03-22T11:10:36","date_gmt":"2023-03-22T10:10:36","guid":{"rendered":"https:\/\/www.alpesjug.fr\/?p=3392"},"modified":"2023-05-11T08:24:25","modified_gmt":"2023-05-11T07:24:25","slug":"une-alternative-libre-a-docker-podman","status":"publish","type":"post","link":"https:\/\/www.alpesjug.fr\/?p=3392","title":{"rendered":"Une alternative libre \u00e0 Docker: Podman"},"content":{"rendered":"\n<p>Le Mardi 28 Mars l&rsquo;AlpesJUG a le plaisir d&rsquo;accueillir Florent Benoit pour venir nous parler de podman.<\/p>\n\n\n<div class=\"wp-block-image\">\n<figure class=\"aligncenter size-full\"><img loading=\"lazy\" decoding=\"async\" width=\"598\" height=\"487\" src=\"https:\/\/www.alpesjug.fr\/wp-content\/uploads\/2023\/03\/podman-logo-full-vert.png\" alt=\"\" class=\"wp-image-3393\" srcset=\"https:\/\/www.alpesjug.fr\/wp-content\/uploads\/2023\/03\/podman-logo-full-vert.png 598w, https:\/\/www.alpesjug.fr\/wp-content\/uploads\/2023\/03\/podman-logo-full-vert-300x244.png 300w, https:\/\/www.alpesjug.fr\/wp-content\/uploads\/2023\/03\/podman-logo-full-vert-150x122.png 150w, https:\/\/www.alpesjug.fr\/wp-content\/uploads\/2023\/03\/podman-logo-full-vert-400x326.png 400w\" sizes=\"auto, (max-width: 598px) 100vw, 598px\" \/><\/figure>\n<\/div>\n\n\n<h2 class=\"wp-block-heading\">La conf\u00e9rence:<\/h2>\n\n\n\n<p>Vous connaissez et m\u00eame utilisez tous les jours pour certains des conteneurs pour vos applications. Docker est une des solutions les plus connues. Mais savez-vous qu\u2019il existe une alternative Open-Source et totalement gratuite : Podman.<br>Podman g\u00e8re les conteneurs en fonctionnant de base sans \u201cdaemon\u201d et permet aux utilisateurs de g\u00e9rer des conteneurs en tant qu\u2019utilisateurs non privil\u00e9gi\u00e9s ce qui augmente la s\u00e9curit\u00e9.<br>Apr\u00e8s un bref rappel sur les conteneurs, je montrerai comment remplacer Docker par Podman avec la compatibilit\u00e9 Docker. Nous d\u00e9couvrirons certains avantages de Podman par rapport \u00e0 Docker mais aussi des cas d\u2019utilisation avec la partie graphique de Podman: Podman Desktop.<\/p>\n\n\n\n<h2 class=\"wp-block-heading\">Le conf\u00e9rencier<\/h2>\n\n\n\n<p>Florent Benoit travaille pour Red Hat dans l\u2019entit\u00e9 \u201cOutils de D\u00e9veloppement\u201d. Il travaille sur le projet Podman Desktop qui permet d\u2019utiliser plus facilement Podman. Auparavant il travaillait sur le cloud IDE tournant sur Kubernetes: Eclipse Che.<\/p>\n\n\n\n<h2 class=\"wp-block-heading\">Inscription<\/h2>\n\n\n\n<p>Les inscriptions se font sur Meetup\u00a0<a rel=\"noreferrer noopener\" href=\"https:\/\/www.meetup.com\/fr-FR\/alpesjug\/events\/291728081\" target=\"_blank\">https:\/\/www.meetup.com\/fr-FR\/alpesjug\/events\/292378436\/<\/a><\/p>\n\n\n\n<p>Attention, nous nous r\u00e9unirons chez&nbsp;<a rel=\"noreferrer noopener\" href=\"https:\/\/www.google.com\/maps\/place\/Salesforce\/@45.2030902,5.7696478,15z\/data=!4m5!3m4!1s0x0:0x49d5ff5337d1785!8m2!3d45.2030797!4d5.7694228\" target=\"_blank\">SalesForce, 29 Bd des Alpes, 38240 Meylan<\/a><\/p>\n","protected":false},"excerpt":{"rendered":"<p>Le Mardi 28 Mars l&rsquo;AlpesJUG a le plaisir d&rsquo;accueillir Florent Benoit pour venir nous parler de podman.<\/p>\n","protected":false},"author":1,"featured_media":0,"comment_status":"open","ping_status":"closed","sticky":false,"template":"","format":"standard","meta":{"footnotes":""},"categories":[14],"tags":[509,389,53,508,11],"class_list":["post-3392","post","type-post","status-publish","format-standard","hentry","category-annonce","tag-container","tag-docker","tag-opensource","tag-podman","tag-soiree"],"_links":{"self":[{"href":"https:\/\/www.alpesjug.fr\/index.php?rest_route=\/wp\/v2\/posts\/3392","targetHints":{"allow":["GET"]}}],"collection":[{"href":"https:\/\/www.alpesjug.fr\/index.php?rest_route=\/wp\/v2\/posts"}],"about":[{"href":"https:\/\/www.alpesjug.fr\/index.php?rest_route=\/wp\/v2\/types\/post"}],"author":[{"embeddable":true,"href":"https:\/\/www.alpesjug.fr\/index.php?rest_route=\/wp\/v2\/users\/1"}],"replies":[{"embeddable":true,"href":"https:\/\/www.alpesjug.fr\/index.php?rest_route=%2Fwp%2Fv2%2Fcomments&post=3392"}],"version-history":[{"count":1,"href":"https:\/\/www.alpesjug.fr\/index.php?rest_route=\/wp\/v2\/posts\/3392\/revisions"}],"predecessor-version":[{"id":3394,"href":"https:\/\/www.alpesjug.fr\/index.php?rest_route=\/wp\/v2\/posts\/3392\/revisions\/3394"}],"wp:attachment":[{"href":"https:\/\/www.alpesjug.fr\/index.php?rest_route=%2Fwp%2Fv2%2Fmedia&parent=3392"}],"wp:term":[{"taxonomy":"category","embeddable":true,"href":"https:\/\/www.alpesjug.fr\/index.php?rest_route=%2Fwp%2Fv2%2Fcategories&post=3392"},{"taxonomy":"post_tag","embeddable":true,"href":"https:\/\/www.alpesjug.fr\/index.php?rest_route=%2Fwp%2Fv2%2Ftags&post=3392"}],"curies":[{"name":"wp","href":"https:\/\/api.w.org\/{rel}","templated":true}]}}