{"id":3384,"date":"2023-02-20T16:44:32","date_gmt":"2023-02-20T15:44:32","guid":{"rendered":"https:\/\/www.alpesjug.fr\/?p=3384"},"modified":"2023-05-11T08:24:17","modified_gmt":"2023-05-11T07:24:17","slug":"java-dans-kubernetes-pour-les-nuls","status":"publish","type":"post","link":"https:\/\/www.alpesjug.fr\/?p=3384","title":{"rendered":"Java dans Kubernetes pour les nuls"},"content":{"rendered":"\n<p>Le Mardi 28 F\u00e9vrier l&rsquo;AlpesJUG a le plaisir d&rsquo;accueillir Sun Tan pour venir nous parler d&rsquo; <a href=\"https:\/\/www.eclipse.org\/jkube\/\" target=\"_blank\" rel=\"noreferrer noopener\">Eclipse JKube<\/a>.<\/p>\n\n\n\n<figure class=\"wp-block-image size-large\"><img loading=\"lazy\" decoding=\"async\" width=\"1024\" height=\"576\" src=\"https:\/\/www.alpesjug.fr\/wp-content\/uploads\/2023\/02\/Untitled-1-1024x576.png\" alt=\"\" class=\"wp-image-3385\" srcset=\"https:\/\/www.alpesjug.fr\/wp-content\/uploads\/2023\/02\/Untitled-1-1024x576.png 1024w, https:\/\/www.alpesjug.fr\/wp-content\/uploads\/2023\/02\/Untitled-1-300x169.png 300w, https:\/\/www.alpesjug.fr\/wp-content\/uploads\/2023\/02\/Untitled-1-768x432.png 768w, https:\/\/www.alpesjug.fr\/wp-content\/uploads\/2023\/02\/Untitled-1-150x84.png 150w, https:\/\/www.alpesjug.fr\/wp-content\/uploads\/2023\/02\/Untitled-1-400x225.png 400w, https:\/\/www.alpesjug.fr\/wp-content\/uploads\/2023\/02\/Untitled-1.png 1058w\" sizes=\"auto, (max-width: 1024px) 100vw, 1024px\" \/><\/figure>\n\n\n\n<h2 class=\"wp-block-heading\">La conf\u00e9rence: Java dans Kubernetes pour les nuls<\/h2>\n\n\n\n<p>Kubernetes, ca \u00e0 l&rsquo;air vraiment sympa, pour le scaling, la reproductibilit\u00e9 et tout et tout &#8230; tout le monde en parle, et en plus c&rsquo;est hype ! Alors, c&rsquo;est le moment de passer dans le cloud et de migrer nos applications Java vers Kubernetes ! Oui mais &#8230; sauf que &#8230; il y&rsquo;a trop de fichiers YAML \u00e0 maintenir et nous detestons le YAML ! Et en plus de maintenir l&rsquo;application Java, il faut &#8211; \u00e9crire et maintenir des Dockerfiles &#8211; \u00e9crire et maintenir plein de fichiers YAML &#8211; configurer et g\u00e9rer la CI\/CD pour le d\u00e9ploiement &#8211; etc. Oui pendant ce talk nous allons souffrir<\/p>\n\n\n\n<figure class=\"wp-block-image\"><img decoding=\"async\" src=\"https:\/\/fonts.gstatic.com\/s\/e\/notoemoji\/15.0\/1f47f\/512.png=s20\" alt=\"\ud83d\udc7f\"\/><\/figure>\n\n\n\n<p>&#8230; mais je vais vous tenir par la main et vous guider. Et c&rsquo;est promis, vous sortirez de ce talk en sachant migrer vos applications Java dans Kubernetes en seulement 5 lignes de XML<\/p>\n\n\n\n<figure class=\"wp-block-image\"><img decoding=\"async\" src=\"https:\/\/fonts.gstatic.com\/s\/e\/notoemoji\/15.0\/1f923\/512.png=s20\" alt=\"\ud83e\udd23\"\/><\/figure>\n\n\n\n<p>avec le projet <a href=\"https:\/\/www.eclipse.org\/jkube\/\" target=\"_blank\" rel=\"noreferrer noopener\">JKube<\/a><\/p>\n\n\n\n<h2 class=\"wp-block-heading\">Le conf\u00e9rencier<\/h2>\n\n\n\n<p>Sun est Senior Software Engineer chez Red Hat. Il a le plus beau m\u00e9tier du monde : Il d\u00e9veloppe des outils pour les d\u00e9veloppeurs (donc pour lui-m\u00eame). Il a notamment contribu\u00e9 aux projets Eclipse Che, Eclipse JKube et le client Java pour Kubernetes Fabric8. Pendant son temps libre, il co-anime le JUG de Paris et brasse sa bi\u00e8re dans sa cuisine.<\/p>\n\n\n\n<h2 class=\"wp-block-heading\">Inscription<\/h2>\n\n\n\n<p>Les inscriptions se font sur Meetup\u00a0<a href=\"https:\/\/www.meetup.com\/fr-FR\/alpesjug\/events\/291728081\" target=\"_blank\" rel=\"noreferrer noopener\">https:\/\/www.meetup.com\/fr-FR\/alpesjug\/events\/291728081<\/a>\/<\/p>\n\n\n\n<p>Attention, nous nous r\u00e9unirons chez&nbsp;<a rel=\"noreferrer noopener\" href=\"https:\/\/www.google.com\/maps\/place\/Salesforce\/@45.2030902,5.7696478,15z\/data=!4m5!3m4!1s0x0:0x49d5ff5337d1785!8m2!3d45.2030797!4d5.7694228\" target=\"_blank\">SalesForce, 29 Bd des Alpes, 38240 Meylan<\/a><\/p>\n","protected":false},"excerpt":{"rendered":"<p>Le Mardi 28 F\u00e9vrier l&rsquo;AlpesJUG a le plaisir d&rsquo;accueillir Sun Tan pour venir nous parler d&rsquo; Eclipse JKube.<\/p>\n","protected":false},"author":1,"featured_media":3385,"comment_status":"open","ping_status":"open","sticky":false,"template":"","format":"standard","meta":{"footnotes":""},"categories":[14],"tags":[377,368,497,53,11],"class_list":["post-3384","post","type-post","status-publish","format-standard","has-post-thumbnail","hentry","category-annonce","tag-cloud","tag-java","tag-kubernetes","tag-opensource","tag-soiree"],"_links":{"self":[{"href":"https:\/\/www.alpesjug.fr\/index.php?rest_route=\/wp\/v2\/posts\/3384","targetHints":{"allow":["GET"]}}],"collection":[{"href":"https:\/\/www.alpesjug.fr\/index.php?rest_route=\/wp\/v2\/posts"}],"about":[{"href":"https:\/\/www.alpesjug.fr\/index.php?rest_route=\/wp\/v2\/types\/post"}],"author":[{"embeddable":true,"href":"https:\/\/www.alpesjug.fr\/index.php?rest_route=\/wp\/v2\/users\/1"}],"replies":[{"embeddable":true,"href":"https:\/\/www.alpesjug.fr\/index.php?rest_route=%2Fwp%2Fv2%2Fcomments&post=3384"}],"version-history":[{"count":1,"href":"https:\/\/www.alpesjug.fr\/index.php?rest_route=\/wp\/v2\/posts\/3384\/revisions"}],"predecessor-version":[{"id":3386,"href":"https:\/\/www.alpesjug.fr\/index.php?rest_route=\/wp\/v2\/posts\/3384\/revisions\/3386"}],"wp:featuredmedia":[{"embeddable":true,"href":"https:\/\/www.alpesjug.fr\/index.php?rest_route=\/wp\/v2\/media\/3385"}],"wp:attachment":[{"href":"https:\/\/www.alpesjug.fr\/index.php?rest_route=%2Fwp%2Fv2%2Fmedia&parent=3384"}],"wp:term":[{"taxonomy":"category","embeddable":true,"href":"https:\/\/www.alpesjug.fr\/index.php?rest_route=%2Fwp%2Fv2%2Fcategories&post=3384"},{"taxonomy":"post_tag","embeddable":true,"href":"https:\/\/www.alpesjug.fr\/index.php?rest_route=%2Fwp%2Fv2%2Ftags&post=3384"}],"curies":[{"name":"wp","href":"https:\/\/api.w.org\/{rel}","templated":true}]}}