{"id":3371,"date":"2022-09-06T14:28:51","date_gmt":"2022-09-06T13:28:51","guid":{"rendered":"https:\/\/www.alpesjug.fr\/?p=3371"},"modified":"2022-10-21T08:05:15","modified_gmt":"2022-10-21T07:05:15","slug":"serverless-knative","status":"publish","type":"post","link":"https:\/\/www.alpesjug.fr\/?p=3371","title":{"rendered":"Serverless Knative"},"content":{"rendered":"\n<p>Le Mardi 20 Septembrei l&rsquo;AlpesJUG a la joie de recevoir S\u00e9bastien Blanc pour nous parler du Serverless et Knative.<\/p>\n\n\n<div class=\"wp-block-image\">\n<figure class=\"aligncenter size-full\"><img loading=\"lazy\" decoding=\"async\" width=\"200\" height=\"200\" src=\"https:\/\/www.alpesjug.fr\/wp-content\/uploads\/2022\/09\/35583233.png\" alt=\"\" class=\"wp-image-3373\" srcset=\"https:\/\/www.alpesjug.fr\/wp-content\/uploads\/2022\/09\/35583233.png 200w, https:\/\/www.alpesjug.fr\/wp-content\/uploads\/2022\/09\/35583233-150x150.png 150w\" sizes=\"auto, (max-width: 200px) 100vw, 200px\" \/><\/figure>\n<\/div>\n\n\n<h2 class=\"wp-block-heading\">La conf\u00e9rence<\/h2>\n\n\n\n<p>L&rsquo;autoscaling et le scale-to-zero sont l&rsquo;une des fonctionnalit\u00e9s les plus en vogue aujourd&rsquo;hui et les solutions serverless permettent d&rsquo;y r\u00e9pondre. Contrairement \u00e0 certaines impl\u00e9mentation s&rsquo;appuyant sur des technologies propri\u00e9taires, Knative s&rsquo;affranchit de ces contraintes et s&rsquo;appuie sur les blocs de base de Kubernetes, rendant la solution portable et agnostique.<br>Dans cette pr\u00e9sentation nous pr\u00e9senterons les deux facettes de Knative, la partie \u00ab\u00a0serving\u00a0\u00bb et la partie \u00ab\u00a0eventing\u00a0\u00bb mais on verra \u00e9galement que Knative apporte bien plus que le serverless et facilite en fait la vie du d\u00e9veloppeur qui travaille avec Kubernetes.<\/p>\n\n\n\n<h2 class=\"wp-block-heading\">Le conf\u00e9rencier<\/h2>\n\n\n\n<p><strong>S\u00e9bastien Blanc<\/strong> a 12 d\u2019exp\u00e9rience. Il a pass\u00e9 pr\u00e9s de 7 ans au pays des Bataves \u00e0 \u00e9cumer les compagnie d&rsquo;assurances et les banques \u00e0 base de Struts et de Websphere. Revenu depuis sur la cote d&rsquo;azur se faire dorer, S\u00e9bastien travaille actuellement pour Red Hat, il fait partie de l\u2019\u00e9quipe KeyCloak qui d\u00e9livre un serveur Open Source d&rsquo;authentification et de gestion d&rsquo;identit\u00e9. Dans son temps libre, il s\u2019int\u00e9resse \u00e9galement au langage Groovy, au framework Web Grails et plus particuli\u00e8rement \u00e0 l&rsquo;aspect Mobile et les outils RAD. Il aime \u00e9galement \u00e9vang\u00e9liser les nerds en donnant r\u00e9guli\u00e8rement des conf\u00e9rences (Devoxx, SpringOne, GR8Conf). Vous pouvez r\u00e9agir a ses trolls sur <a href=\"https:\/\/twitter.com\/sebi2706\/\" target=\"_blank\" rel=\"noreferrer noopener\">@sebi2706<\/a><\/p>\n\n\n\n<h2 class=\"wp-block-heading\">Inscription<\/h2>\n\n\n\n<p>Les inscriptions se font sur Meetup <a href=\"https:\/\/www.meetup.com\/fr-FR\/alpesjug\/events\/288301713\/\" target=\"_blank\" rel=\"noreferrer noopener\">https:\/\/www.meetup.com\/fr-FR\/alpesjug\/events\/288301713\/<\/a><\/p>\n\n\n\n<p>Attention, nous nous r\u00e9unirons chez <a href=\"https:\/\/www.google.com\/maps\/place\/Salesforce\/@45.2030902,5.7696478,15z\/data=!4m5!3m4!1s0x0:0x49d5ff5337d1785!8m2!3d45.2030797!4d5.7694228\" target=\"_blank\" rel=\"noreferrer noopener\">SalesForce, 29 Bd des Alpes, 38240 Meylan<\/a><\/p>\n","protected":false},"excerpt":{"rendered":"<p>Le Mardi 20 Septembrei l&rsquo;AlpesJUG a la joie de recevoir S\u00e9bastien Blanc pour nous parler du Serverless et Knative.<\/p>\n","protected":false},"author":1,"featured_media":0,"comment_status":"open","ping_status":"open","sticky":false,"template":"","format":"standard","meta":{"footnotes":""},"categories":[14],"tags":[377,368,4,505,504,11],"class_list":["post-3371","post","type-post","status-publish","format-standard","hentry","category-annonce","tag-cloud","tag-java","tag-jug","tag-knative","tag-serverless","tag-soiree"],"_links":{"self":[{"href":"https:\/\/www.alpesjug.fr\/index.php?rest_route=\/wp\/v2\/posts\/3371","targetHints":{"allow":["GET"]}}],"collection":[{"href":"https:\/\/www.alpesjug.fr\/index.php?rest_route=\/wp\/v2\/posts"}],"about":[{"href":"https:\/\/www.alpesjug.fr\/index.php?rest_route=\/wp\/v2\/types\/post"}],"author":[{"embeddable":true,"href":"https:\/\/www.alpesjug.fr\/index.php?rest_route=\/wp\/v2\/users\/1"}],"replies":[{"embeddable":true,"href":"https:\/\/www.alpesjug.fr\/index.php?rest_route=%2Fwp%2Fv2%2Fcomments&post=3371"}],"version-history":[{"count":2,"href":"https:\/\/www.alpesjug.fr\/index.php?rest_route=\/wp\/v2\/posts\/3371\/revisions"}],"predecessor-version":[{"id":3374,"href":"https:\/\/www.alpesjug.fr\/index.php?rest_route=\/wp\/v2\/posts\/3371\/revisions\/3374"}],"wp:attachment":[{"href":"https:\/\/www.alpesjug.fr\/index.php?rest_route=%2Fwp%2Fv2%2Fmedia&parent=3371"}],"wp:term":[{"taxonomy":"category","embeddable":true,"href":"https:\/\/www.alpesjug.fr\/index.php?rest_route=%2Fwp%2Fv2%2Fcategories&post=3371"},{"taxonomy":"post_tag","embeddable":true,"href":"https:\/\/www.alpesjug.fr\/index.php?rest_route=%2Fwp%2Fv2%2Ftags&post=3371"}],"curies":[{"name":"wp","href":"https:\/\/api.w.org\/{rel}","templated":true}]}}