{"id":3238,"date":"2018-11-09T10:05:53","date_gmt":"2018-11-09T09:05:53","guid":{"rendered":"http:\/\/www.alpesjug.fr\/?p=3238"},"modified":"2018-12-06T17:06:36","modified_gmt":"2018-12-06T16:06:36","slug":"je-mappelle-glowroot-le-mercredi-21-novembre-2018","status":"publish","type":"post","link":"https:\/\/www.alpesjug.fr\/?p=3238","title":{"rendered":"Je m&rsquo;appelle Glowroot le Mercredi 21 Novembre 2018"},"content":{"rendered":"<p>Le mercredi 21 Novembre 2018, l&rsquo;AlpesJUG aura le plaisir d&rsquo;accueillir Henri Gomez qui nous parlera de <a href=\"https:\/\/glowroot.org\/\">Glowroot<\/a>, l&rsquo;outil d&rsquo;Application Performance Management qui brille. Pour conclure, Xavier Bourguignon nous racontera ce qu&rsquo;apprendre aux enfants \u00e0 coder lui a appris<\/p>\n<h3>La conf\u00e9rence<\/h3>\n<h4>Je m&rsquo;appelle Glowroot <img loading=\"lazy\" decoding=\"async\" class=\"alignright wp-image-3240 size-medium\" src=\"http:\/\/www.alpesjug.fr\/wp-content\/uploads\/2018\/11\/favicon-440x440.22b5b3f3-300x300.png\" alt=\"\" width=\"300\" height=\"300\" srcset=\"https:\/\/www.alpesjug.fr\/wp-content\/uploads\/2018\/11\/favicon-440x440.22b5b3f3-300x300.png 300w, https:\/\/www.alpesjug.fr\/wp-content\/uploads\/2018\/11\/favicon-440x440.22b5b3f3-150x150.png 150w, https:\/\/www.alpesjug.fr\/wp-content\/uploads\/2018\/11\/favicon-440x440.22b5b3f3-400x400.png 400w, https:\/\/www.alpesjug.fr\/wp-content\/uploads\/2018\/11\/favicon-440x440.22b5b3f3.png 440w\" sizes=\"auto, (max-width: 300px) 100vw, 300px\" \/><\/h4>\n<p>Que vous soyez Dev, Ops ou QA, vous avez s\u00fbrement eu \u00e0 investiguer des probl\u00e8mes de performances sur une application Java.<br \/>\nSavez-vous que cela peut se faire simplement, sans toucher la moindre ligne de code, en moins de 5mn et sans impact sur votre application ?<br \/>\nMieux encore, si je vous disais que vous pouvez utiliser le m\u00eame outil que vous soyez en Dev, QA ou en production. Le m\u00eame outil pour tous, \u00e7a sent bon le DevOps non ?<\/p>\n<h4>Ce que les enfants m&rsquo;ont appris lorsque j&rsquo;ai essay\u00e9 de leur apprendre \u00e0 coder.<\/h4>\n<p>Vous avez s\u00fbrement entendu parler d&rsquo;une r\u00e9forme des rythmes scolaires qui a g\u00e9n\u00e9r\u00e9 pas mal de tensions et de bouleversements, mais qui a aussi \u00e9t\u00e9 une opportunit\u00e9 pour certains. Moi par exemple j&rsquo;ai eu l&rsquo;opportunit\u00e9 pendant 3 ans d&rsquo;animer toute les 2 semaines un atelier de code avec des enfants de 4 \u00e0 10 ans. Retour sur cette exp\u00e9rience et comment elle a chang\u00e9 mon quotidien au travail.<\/p>\n<h3>Les speakers<\/h3>\n<h4><img loading=\"lazy\" decoding=\"async\" class=\"size-thumbnail wp-image-3241 alignleft\" src=\"http:\/\/www.alpesjug.fr\/wp-content\/uploads\/2018\/11\/hgomez-150x150.jpg\" alt=\"\" width=\"150\" height=\"150\" \/>Henri Gomez<\/h4>\n<p>Je travaille dans l\u2019industrie logicielle depuis 30 ans. J&rsquo;ai \u00e9t\u00e9 D\u00e9veloppeur, Chef de Projet, Architecte Logiciel, Tech QA, Directeur de production, Architecte CI et maintenant responsable de la production chez Sonarsource en charge notamment de SonarCloud.<\/p>\n<p>&nbsp;<\/p>\n<p>&nbsp;<\/p>\n<p>&nbsp;<\/p>\n<h4>Xavier Bourguignon<\/h4>\n<p><img loading=\"lazy\" decoding=\"async\" class=\"size-thumbnail wp-image-3242 alignleft\" src=\"http:\/\/www.alpesjug.fr\/wp-content\/uploads\/2018\/11\/xavier-150x150.jpeg\" alt=\"\" width=\"150\" height=\"150\" srcset=\"https:\/\/www.alpesjug.fr\/wp-content\/uploads\/2018\/11\/xavier-150x150.jpeg 150w, https:\/\/www.alpesjug.fr\/wp-content\/uploads\/2018\/11\/xavier.jpeg 200w\" sizes=\"auto, (max-width: 150px) 100vw, 150px\" \/>Xavier est passionn\u00e9 par le code depuis son enfance, il aime apprendre continuellement et partager sa passion avec la communaut\u00e9. C\u2019est pour cela qu\u2019il lead le GenevaJUG, Devoxx4Kids \u00e0 Gen\u00e8ve et Paris et qu\u2019il porte un gilet rouge \u00e0 Devoxx France. Apr\u00e8s avoir \u00e9t\u00e9 successivement d\u00e9velopeur, chef de projet furtif, directeur technique, puis de nouveau d\u00e9velopeur notamment en banque (ben oui, il travaille \u00e0 Gen\u00e8ve&#8230;), il est maintenant Product Manager chez SonarSource.<\/p>\n<h3><\/h3>\n<h3><\/h3>\n<p>&nbsp;<\/p>\n<p>&nbsp;<\/p>\n<p>&nbsp;<\/p>\n<p>&nbsp;<\/p>\n<p>&nbsp;<\/p>\n<p>&nbsp;<\/p>\n<h3>Inscriptions<\/h3>\n<p><a href=\"https:\/\/www.meetup.com\/fr-FR\/AlpesJUG\/events\/256265178\/\">https:\/\/www.meetup.com\/fr-FR\/AlpesJUG\/events\/256265178\/<\/a><\/p>\n<p><strong>Cette soir\u00e9e se d\u00e9roulera chez Criteo Grenoble Office, 4 RUE DES MERIDIENS PARC SUD GALAXIE \u00e0 ECHIROLLES, \u00e0 partir de 19h.<\/strong><\/p>\n","protected":false},"excerpt":{"rendered":"<p>Le mercredi 21 Novembre 2018, l&rsquo;AlpesJUG aura le plaisir d&rsquo;accueillir Henri Gomez qui nous parlera de Glowroot, l&rsquo;outil d&rsquo;Application Performance Management qui brille. Pour conclure, Xavier Bourguignon nous racontera ce qu&rsquo;apprendre aux enfants \u00e0&#46;&#46;&#46;<\/p>\n","protected":false},"author":1,"featured_media":0,"comment_status":"open","ping_status":"open","sticky":false,"template":"","format":"standard","meta":{"footnotes":""},"categories":[14],"tags":[489,50,368,53,157],"class_list":["post-3238","post","type-post","status-publish","format-standard","hentry","category-annonce","tag-apm","tag-devops","tag-java","tag-opensource","tag-performance"],"_links":{"self":[{"href":"https:\/\/www.alpesjug.fr\/index.php?rest_route=\/wp\/v2\/posts\/3238","targetHints":{"allow":["GET"]}}],"collection":[{"href":"https:\/\/www.alpesjug.fr\/index.php?rest_route=\/wp\/v2\/posts"}],"about":[{"href":"https:\/\/www.alpesjug.fr\/index.php?rest_route=\/wp\/v2\/types\/post"}],"author":[{"embeddable":true,"href":"https:\/\/www.alpesjug.fr\/index.php?rest_route=\/wp\/v2\/users\/1"}],"replies":[{"embeddable":true,"href":"https:\/\/www.alpesjug.fr\/index.php?rest_route=%2Fwp%2Fv2%2Fcomments&post=3238"}],"version-history":[{"count":7,"href":"https:\/\/www.alpesjug.fr\/index.php?rest_route=\/wp\/v2\/posts\/3238\/revisions"}],"predecessor-version":[{"id":3249,"href":"https:\/\/www.alpesjug.fr\/index.php?rest_route=\/wp\/v2\/posts\/3238\/revisions\/3249"}],"wp:attachment":[{"href":"https:\/\/www.alpesjug.fr\/index.php?rest_route=%2Fwp%2Fv2%2Fmedia&parent=3238"}],"wp:term":[{"taxonomy":"category","embeddable":true,"href":"https:\/\/www.alpesjug.fr\/index.php?rest_route=%2Fwp%2Fv2%2Fcategories&post=3238"},{"taxonomy":"post_tag","embeddable":true,"href":"https:\/\/www.alpesjug.fr\/index.php?rest_route=%2Fwp%2Fv2%2Ftags&post=3238"}],"curies":[{"name":"wp","href":"https:\/\/api.w.org\/{rel}","templated":true}]}}