{"id":3225,"date":"2018-05-08T17:43:15","date_gmt":"2018-05-08T16:43:15","guid":{"rendered":"http:\/\/www.alpesjug.fr\/?p=3225"},"modified":"2018-12-06T17:06:09","modified_gmt":"2018-12-06T16:06:09","slug":"developpeurs-etre-un-expert-incompris-ou-un-leader-dopinions-ne-depend-que-de-nous","status":"publish","type":"post","link":"https:\/\/www.alpesjug.fr\/?p=3225","title":{"rendered":"D\u00e9veloppeurs, \u00eatre un expert incompris ou un leader d\u2019opinions ne d\u00e9pend que de nous"},"content":{"rendered":"<p>Voici notre conf\u00e9rence du mois de Mai avec cette fois-ci en partenariat avec le Meetup Craftsmanship de Grenoble ! La soir\u00e9e sera anim\u00e9e par Freddy Mallet, co-fondateur de SonarSource, la soci\u00e9t\u00e9 derri\u00e8re le c\u00e9l\u00e8bre SonarQube. Elle aura lieu \u00e0 la SAMSE de Grenoble le 30 mai 2018.<\/p>\n<h3>La conf\u00e9rence<\/h3>\n<p>Apr\u00e8s chaque AlpesJUG, vous retrouvez vos coll\u00e8gues la t\u00eate pleine de nouvelles id\u00e9es, de nouvelles technos et de nouvelles pratiques de d\u00e9veloppement. Serez-vous de ces acteurs capables de transformer cette belle \u00e9nergie en changement ? Ou serez-vous l\u2019un de ces d\u00e9veloppeurs incompris et frustr\u00e9s d\u2019\u00eatre entour\u00e9s par autant d\u2019incomp\u00e9tents ?<\/p>\n<h3>Le speaker<\/h3>\n<p><img loading=\"lazy\" decoding=\"async\" class=\"alignleft wp-image-3232\" src=\"http:\/\/www.alpesjug.fr\/wp-content\/uploads\/2018\/09\/45a6d46a80099fa679679090bd53d5ecd633260d_freddy-mallet-150x150.jpg\" alt=\"\" width=\"133\" height=\"133\" srcset=\"https:\/\/www.alpesjug.fr\/wp-content\/uploads\/2018\/09\/45a6d46a80099fa679679090bd53d5ecd633260d_freddy-mallet-150x150.jpg 150w, https:\/\/www.alpesjug.fr\/wp-content\/uploads\/2018\/09\/45a6d46a80099fa679679090bd53d5ecd633260d_freddy-mallet-300x300.jpg 300w, https:\/\/www.alpesjug.fr\/wp-content\/uploads\/2018\/09\/45a6d46a80099fa679679090bd53d5ecd633260d_freddy-mallet.jpg 400w\" sizes=\"auto, (max-width: 133px) 100vw, 133px\" \/><\/p>\n<p><strong><br \/>\nFreddy<\/strong> est le cr\u00e9ateur de la plateforme de qualim\u00e9trie SonarQube et est l&rsquo;un des co-fondateurs de la soci\u00e9t\u00e9 SonarSource. Il est un acteur majeur de la mise en \u0153uvre d&rsquo;une organisation \u00e0 plat chez SonarSource et par cons\u00e9quent n&rsquo;a lui m\u00eame plus aucun titre professionnel chez SonarSource. Il est enfin libre !<\/p>\n<p>&nbsp;<\/p>\n<h3>Inscriptions<\/h3>\n<p><a href=\"https:\/\/www.meetup.com\/fr-FR\/AlpesJUG\/events\/250583523\/\">Sur notre Meetup<\/a><\/p>\n<h3>Lieu<\/h3>\n<p><strong>La soir\u00e9e aura lieu le 30 mai \u00e0 la SAMSE au <a href=\"https:\/\/www.google.fr\/maps\/place\/Groupe+SAMSE+-+Si%C3%A8ge+Social\/@45.1606834,5.7117704,17z\/data=!3m1!4b1!4m5!3m4!1s0x478af4adb0cdca55:0xec0eb2c8b9741b8b!8m2!3d45.1606834!4d5.7139644\">2 Rue Raymond Pitet, Grenoble<\/a><\/strong><\/p>\n","protected":false},"excerpt":{"rendered":"<p>Voici notre conf\u00e9rence du mois de Mai avec cette fois-ci en partenariat avec le Meetup Craftsmanship de Grenoble ! La soir\u00e9e sera anim\u00e9e par Freddy Mallet, co-fondateur de SonarSource, la soci\u00e9t\u00e9 derri\u00e8re le c\u00e9l\u00e8bre&#46;&#46;&#46;<\/p>\n","protected":false},"author":3,"featured_media":0,"comment_status":"open","ping_status":"open","sticky":false,"template":"","format":"standard","meta":{"footnotes":""},"categories":[14],"tags":[37,11],"class_list":["post-3225","post","type-post","status-publish","format-standard","hentry","category-annonce","tag-agilite","tag-soiree"],"_links":{"self":[{"href":"https:\/\/www.alpesjug.fr\/index.php?rest_route=\/wp\/v2\/posts\/3225","targetHints":{"allow":["GET"]}}],"collection":[{"href":"https:\/\/www.alpesjug.fr\/index.php?rest_route=\/wp\/v2\/posts"}],"about":[{"href":"https:\/\/www.alpesjug.fr\/index.php?rest_route=\/wp\/v2\/types\/post"}],"author":[{"embeddable":true,"href":"https:\/\/www.alpesjug.fr\/index.php?rest_route=\/wp\/v2\/users\/3"}],"replies":[{"embeddable":true,"href":"https:\/\/www.alpesjug.fr\/index.php?rest_route=%2Fwp%2Fv2%2Fcomments&post=3225"}],"version-history":[{"count":4,"href":"https:\/\/www.alpesjug.fr\/index.php?rest_route=\/wp\/v2\/posts\/3225\/revisions"}],"predecessor-version":[{"id":3234,"href":"https:\/\/www.alpesjug.fr\/index.php?rest_route=\/wp\/v2\/posts\/3225\/revisions\/3234"}],"wp:attachment":[{"href":"https:\/\/www.alpesjug.fr\/index.php?rest_route=%2Fwp%2Fv2%2Fmedia&parent=3225"}],"wp:term":[{"taxonomy":"category","embeddable":true,"href":"https:\/\/www.alpesjug.fr\/index.php?rest_route=%2Fwp%2Fv2%2Fcategories&post=3225"},{"taxonomy":"post_tag","embeddable":true,"href":"https:\/\/www.alpesjug.fr\/index.php?rest_route=%2Fwp%2Fv2%2Ftags&post=3225"}],"curies":[{"name":"wp","href":"https:\/\/api.w.org\/{rel}","templated":true}]}}