{"id":3219,"date":"2018-04-04T08:33:18","date_gmt":"2018-04-04T07:33:18","guid":{"rendered":"http:\/\/www.alpesjug.fr\/?p=3219"},"modified":"2018-05-08T17:44:14","modified_gmt":"2018-05-08T16:44:14","slug":"jhipster-sans-naivete","status":"publish","type":"post","link":"https:\/\/www.alpesjug.fr\/?p=3219","title":{"rendered":"JHipster sans na\u00efvet\u00e9"},"content":{"rendered":"<p>Apr\u00e8s deux mois de repos suite au SnowCamp 2018, l&rsquo;Alpes JUG reprend du service et vous propose le mercredi 25 avril \u00e0 19H00 une pr\u00e9sentation de JHipster anim\u00e9e par\u00a0Ga\u00ebl Marziou.<\/p>\n<h3>La conf\u00e9rence<\/h3>\n<p>JHipster un g\u00e9n\u00e9rateur de code pour des projets fullstack s&rsquo;appuyant sur Java, Spring Boot, Angular\/React.<\/p>\n<p>Apr\u00e8s une courte introduction de l&rsquo;outil, cette pr\u00e9sentation tentera de vous donner les cl\u00e9s pour r\u00e9pondre \u00e0 ces questions:<\/p>\n<ul>\n<li>devriez-vous utiliser JHipster ? Un peu, beaucoup ou pas du tout ?<\/li>\n<li>quelles options choisir et leurs implications ?<\/li>\n<li>quelles pratiques adopter au niveau du d\u00e9veloppement, de la mise en production et la s\u00e9curit\u00e9 ?<\/li>\n<\/ul>\n<p>Pas ou peu de d\u00e9mos, du retour d&rsquo;exp\u00e9rience et de l&rsquo;interactivit\u00e9.<\/p>\n<h3>Le speaker<\/h3>\n<p><img loading=\"lazy\" decoding=\"async\" class=\"alignleft wp-image-3220\" src=\"http:\/\/www.alpesjug.fr\/wp-content\/uploads\/2018\/04\/IMG_4947_web.jpg\" alt=\"\" width=\"120\" height=\"120\" \/><\/p>\n<p><strong><br \/>\nGa\u00ebl Marziou<\/strong>, plus de 20 ans d&rsquo;exp\u00e9rience en web et Java.<br \/>\nDepuis 5 ans chez <a href=\"http:\/\/www.actoll.com\/\">ACTOLL<\/a> une PME de Meylan, o\u00f9 il a la position d&rsquo;architecte technique avec une composante devops et s\u00e9curit\u00e9.<br \/>\nMembre de la core team JHipster depuis 2015, actif sur stackoverflow et gitter pour aider les utilisateurs du g\u00e9n\u00e9rateur.<\/p>\n<p>&nbsp;<\/p>\n<h3>Inscriptions<\/h3>\n<p><a href=\"https:\/\/www.meetup.com\/fr-FR\/AlpesJUG\/events\/249414989\/\">Sur notre Meetup<\/a><\/p>\n<h3>Lieu<\/h3>\n<p><strong>La soir\u00e9e aura lieu \u00e0 ForgeRock, <a href=\"https:\/\/www.google.fr\/maps\/place\/ForgeRock+France\/@45.2145847,5.8062698,17z\/data=!3m1!4b1!4m5!3m4!1s0x478a5f5bc1fb53bd:0x4b95cfb1ca428beb!8m2!3d45.2145847!4d5.8084638\">55 rue Blaise Pascal \u00e0 Montbonnot-Sain-Martin<\/a>.<\/strong><\/p>\n","protected":false},"excerpt":{"rendered":"<p>Apr\u00e8s deux mois de repos suite au SnowCamp 2018, l&rsquo;Alpes JUG reprend du service et vous propose le mercredi 25 avril \u00e0 19H00 une pr\u00e9sentation de JHipster anim\u00e9e par\u00a0Ga\u00ebl Marziou. La conf\u00e9rence JHipster un&#46;&#46;&#46;<\/p>\n","protected":false},"author":3,"featured_media":0,"comment_status":"open","ping_status":"open","sticky":false,"template":"","format":"standard","meta":{"footnotes":""},"categories":[14],"tags":[370,13,368,123,53,11],"class_list":["post-3219","post","type-post","status-publish","format-standard","hentry","category-annonce","tag-code","tag-framework","tag-java","tag-javascript","tag-opensource","tag-soiree"],"_links":{"self":[{"href":"https:\/\/www.alpesjug.fr\/index.php?rest_route=\/wp\/v2\/posts\/3219","targetHints":{"allow":["GET"]}}],"collection":[{"href":"https:\/\/www.alpesjug.fr\/index.php?rest_route=\/wp\/v2\/posts"}],"about":[{"href":"https:\/\/www.alpesjug.fr\/index.php?rest_route=\/wp\/v2\/types\/post"}],"author":[{"embeddable":true,"href":"https:\/\/www.alpesjug.fr\/index.php?rest_route=\/wp\/v2\/users\/3"}],"replies":[{"embeddable":true,"href":"https:\/\/www.alpesjug.fr\/index.php?rest_route=%2Fwp%2Fv2%2Fcomments&post=3219"}],"version-history":[{"count":2,"href":"https:\/\/www.alpesjug.fr\/index.php?rest_route=\/wp\/v2\/posts\/3219\/revisions"}],"predecessor-version":[{"id":3222,"href":"https:\/\/www.alpesjug.fr\/index.php?rest_route=\/wp\/v2\/posts\/3219\/revisions\/3222"}],"wp:attachment":[{"href":"https:\/\/www.alpesjug.fr\/index.php?rest_route=%2Fwp%2Fv2%2Fmedia&parent=3219"}],"wp:term":[{"taxonomy":"category","embeddable":true,"href":"https:\/\/www.alpesjug.fr\/index.php?rest_route=%2Fwp%2Fv2%2Fcategories&post=3219"},{"taxonomy":"post_tag","embeddable":true,"href":"https:\/\/www.alpesjug.fr\/index.php?rest_route=%2Fwp%2Fv2%2Ftags&post=3219"}],"curies":[{"name":"wp","href":"https:\/\/api.w.org\/{rel}","templated":true}]}}