{"id":3177,"date":"2017-09-04T12:41:40","date_gmt":"2017-09-04T11:41:40","guid":{"rendered":"http:\/\/www.alpesjug.fr\/?p=3177"},"modified":"2017-10-25T08:05:41","modified_gmt":"2017-10-25T07:05:41","slug":"tomcat-du-cluster-au-cloud-via-kubernetes-le-15-septembre-2017","status":"publish","type":"post","link":"https:\/\/www.alpesjug.fr\/?p=3177","title":{"rendered":"Tomcat du cluster au cloud via Kubernetes, le 15 septembre 2017"},"content":{"rendered":"<p>C&rsquo;est la rentr\u00e9e ! Bienvenue \u00e0 tous pour cette nouvelle ann\u00e9e 2017-2018 \u00e0 l&rsquo;Alpes JUG.<\/p>\n<p>Pour bien commencer cette nouvelle saison, l&rsquo;AlpesJUG aura le plaisir d&rsquo;accueillir le 15 septembre Jean-Frederique Clere qui nous montrera l&rsquo;utilisation de Tomcat dans un cluster et dans le cloud.<\/p>\n<h3><b><img loading=\"lazy\" decoding=\"async\" class=\"alignright size-medium\" src=\"https:\/\/upload.wikimedia.org\/wikipedia\/commons\/7\/7b\/Tomcat-logo.svg\" width=\"200\" height=\"200\" \/><\/b>La conf\u00e9rence<\/h3>\n<p>Nous commencerons par regarder comment configurer Tomcat pour obtenir un cluster, puis nous examinerons les probl\u00e8mes et les solutions pour une application dans le cloud.<\/p>\n<p>Une d\u00e9monstration d&rsquo;un cluster sera pr\u00e9par\u00e9e et ex\u00e9cut\u00e9e pendant la pr\u00e9sentation et l&rsquo;application sera d\u00e9plac\u00e9e vers le nuage.<br \/>\nKubernetes sera utilis\u00e9 sur des RPI3 pour faire la d\u00e9monstration et nous regarderons comment l&rsquo;installer avec Ansible.<\/p>\n<p>Les slides sont en Anglais.<\/p>\n<h3>Le speaker<\/h3>\n<p><img decoding=\"async\" class=\"alignright\" src=\"https:\/\/media.licdn.com\/mpr\/mpr\/shrinknp_200_200\/p\/1\/000\/00a\/337\/2e3d8a5.jpg\" \/>Jean-Frederic Clere a pass\u00e9 plus de 20 ans \u00e0 r\u00e9aliser des logiciels client\/serveur. Ses connaissances vont du Cobol \u00e0 Java, du BS2000 \u00e0 GNU\/Linux et du \/390 au i386 mais avec une pr\u00e9f\u00e9rence pour ce dernier \ud83d\ude09 Il est committer Apache dans Httpd et Tomcat et il aime les projets complexes impliquant diff\u00e9rents langages de programmation et diff\u00e9rentes machines. N\u00e9 en France, Jean-Frederic a v\u00e9cu 14 ans \u00e0 Barcelone avant d&rsquo;habiter, depuis 2006, \u00e0 Neuchatel o\u00f9 il travaille pour RedHat dans la division JBoss.<\/p>\n<h3>Inscriptions<\/h3>\n<p><a href=\"https:\/\/www.meetup.com\/fr-FR\/AlpesJUG\/events\/243083594\/\">Sur notre Meetup<\/a><\/p>\n<h3>Lieu<\/h3>\n<p><strong>Cette soir\u00e9e se d\u00e9roulera sur le campus au Laboratoire LIG \u2013 Batiment CTL (le batiment rouge) 7 all\u00e9e de Palestine 38610 , GIERES \u00e0 partir de 19h.<\/strong><\/p>\n","protected":false},"excerpt":{"rendered":"<p>C&rsquo;est la rentr\u00e9e ! Bienvenue \u00e0 tous pour cette nouvelle ann\u00e9e 2017-2018 \u00e0 l&rsquo;Alpes JUG. Pour bien commencer cette nouvelle saison, l&rsquo;AlpesJUG aura le plaisir d&rsquo;accueillir le 15 septembre Jean-Frederique Clere qui nous montrera&#46;&#46;&#46;<\/p>\n","protected":false},"author":3,"featured_media":0,"comment_status":"open","ping_status":"open","sticky":false,"template":"","format":"standard","meta":{"footnotes":""},"categories":[14],"tags":[377,484,483],"class_list":["post-3177","post","type-post","status-publish","format-standard","hentry","category-annonce","tag-cloud","tag-clustering","tag-tomcat"],"_links":{"self":[{"href":"https:\/\/www.alpesjug.fr\/index.php?rest_route=\/wp\/v2\/posts\/3177","targetHints":{"allow":["GET"]}}],"collection":[{"href":"https:\/\/www.alpesjug.fr\/index.php?rest_route=\/wp\/v2\/posts"}],"about":[{"href":"https:\/\/www.alpesjug.fr\/index.php?rest_route=\/wp\/v2\/types\/post"}],"author":[{"embeddable":true,"href":"https:\/\/www.alpesjug.fr\/index.php?rest_route=\/wp\/v2\/users\/3"}],"replies":[{"embeddable":true,"href":"https:\/\/www.alpesjug.fr\/index.php?rest_route=%2Fwp%2Fv2%2Fcomments&post=3177"}],"version-history":[{"count":3,"href":"https:\/\/www.alpesjug.fr\/index.php?rest_route=\/wp\/v2\/posts\/3177\/revisions"}],"predecessor-version":[{"id":3180,"href":"https:\/\/www.alpesjug.fr\/index.php?rest_route=\/wp\/v2\/posts\/3177\/revisions\/3180"}],"wp:attachment":[{"href":"https:\/\/www.alpesjug.fr\/index.php?rest_route=%2Fwp%2Fv2%2Fmedia&parent=3177"}],"wp:term":[{"taxonomy":"category","embeddable":true,"href":"https:\/\/www.alpesjug.fr\/index.php?rest_route=%2Fwp%2Fv2%2Fcategories&post=3177"},{"taxonomy":"post_tag","embeddable":true,"href":"https:\/\/www.alpesjug.fr\/index.php?rest_route=%2Fwp%2Fv2%2Ftags&post=3177"}],"curies":[{"name":"wp","href":"https:\/\/api.w.org\/{rel}","templated":true}]}}