{"id":2972,"date":"2016-05-02T17:16:59","date_gmt":"2016-05-02T16:16:59","guid":{"rendered":"http:\/\/www.alpesjug.fr\/?p=2972"},"modified":"2016-05-02T17:16:59","modified_gmt":"2016-05-02T16:16:59","slug":"practical-vim-by-drew-neil-from-pragmatic-bookshelf","status":"publish","type":"post","link":"https:\/\/www.alpesjug.fr\/?p=2972","title":{"rendered":"Practical Vim  by Drew Neil  from Pragmatic Bookshelf"},"content":{"rendered":"<p><img loading=\"lazy\" decoding=\"async\" class=\"size-full wp-image-2974 alignright\" src=\"http:\/\/www.alpesjug.fr\/wp-content\/uploads\/2016\/05\/dnvim2_xlargecover.jpg\" alt=\"dnvim2_xlargecover\" width=\"190\" height=\"228\" \/>\u00a0Si il y a bien une activit\u00e9 que je pratique de mani\u00e8re consistente depuis des ann\u00e9es, c&rsquo;est bien \u00e9diter du texte. Et ca ne devrait pas ralentir. Je connais Vim depuis des ann\u00e9es, mais sans jamais avoir pris le temps d&rsquo;apprendre \u00e0 m&rsquo;en servir. Je n&rsquo;ai jamais eu la patience de suivre les nombreux tutoriels, video, screencast et autres vimtutor &#8230; il existe pl\u00e9tore de ressources sur le sujet!<\/p>\n<p>J&rsquo;ai besoin d&rsquo;une conf\u00e9rence, d&rsquo;un livre pour me focaliser sur un sujet. Et voil\u00e0 donc <a href=\"https:\/\/pragprog.com\/book\/dnvim2\/practical-vim-second-edition\" target=\"_blank\">un bon livre<\/a>, ce qui ne semble pas \u00e9vident avec ce sujet!<br \/>\nBref il se lit bien, c&rsquo;est concret, on apprend vraiment des choses et il \u00e9vite le pi\u00e8ge d&rsquo;une longue \u00e9num\u00e9ration de tous les raccourcis clavier, ce n&rsquo;est pas une ennuyeuse doc de r\u00e9f\u00e9rence.<br \/>\nJe l&rsquo;ai lu comme un roman, mais on peut le faire dans n&rsquo;importe quel ordre. Ca permet donc de le garder sous la main comme aide m\u00e9moire.<br \/>\nIl n&rsquo;est jamais trop tard pour apprendre et il existe des plugin IntelliJ, Eclipse, Chrome &#8230; pour retrouver du simili Vim et ne pas perdre la main.<\/p>\n<hr \/>\n<p>&nbsp;<\/p>\n<p>If there is one activity that I do consistently for years, it is typing text. And I don&rsquo;t see it slowing down. Over the years I spent a lot of time doing things by hand, in a hurry, because I never took the time to learn, or when I tried tutorials, never had the patience, and quickly surfed away to other web sites.<br \/>\nI know I need a book, or a conference, to stick to a subject.<br \/>\n<a href=\"https:\/\/pragprog.com\/book\/dnvim2\/practical-vim-second-edition\" target=\"_blank\">Practical Vim<\/a>\u00a0is not a boring list of keys and shortcuts, Neil goes to the essential, the useful and demonstrated actions that will make you faster.<br \/>\nAlso due to the composable nature of Vim, it is easier to learn through re-use and build on your skills.<br \/>\nThat is also how the book is organized, it is composable, you can read it in any order. At the same time, each part is engaging and solve a real editing problem.<br \/>\nNow, I read it front to cover and I keep it near me.<\/p>\n<p>Highly advised, it is never too late to learn.<\/p>\n","protected":false},"excerpt":{"rendered":"<p>\u00a0Si il y a bien une activit\u00e9 que je pratique de mani\u00e8re consistente depuis des ann\u00e9es, c&rsquo;est bien \u00e9diter du texte. Et ca ne devrait pas ralentir. Je connais Vim depuis des ann\u00e9es, mais&#46;&#46;&#46;<\/p>\n","protected":false},"author":1,"featured_media":0,"comment_status":"open","ping_status":"open","sticky":false,"template":"","format":"standard","meta":{"footnotes":""},"categories":[19],"tags":[],"class_list":["post-2972","post","type-post","status-publish","format-standard","hentry","category-livre"],"_links":{"self":[{"href":"https:\/\/www.alpesjug.fr\/index.php?rest_route=\/wp\/v2\/posts\/2972","targetHints":{"allow":["GET"]}}],"collection":[{"href":"https:\/\/www.alpesjug.fr\/index.php?rest_route=\/wp\/v2\/posts"}],"about":[{"href":"https:\/\/www.alpesjug.fr\/index.php?rest_route=\/wp\/v2\/types\/post"}],"author":[{"embeddable":true,"href":"https:\/\/www.alpesjug.fr\/index.php?rest_route=\/wp\/v2\/users\/1"}],"replies":[{"embeddable":true,"href":"https:\/\/www.alpesjug.fr\/index.php?rest_route=%2Fwp%2Fv2%2Fcomments&post=2972"}],"version-history":[{"count":6,"href":"https:\/\/www.alpesjug.fr\/index.php?rest_route=\/wp\/v2\/posts\/2972\/revisions"}],"predecessor-version":[{"id":2979,"href":"https:\/\/www.alpesjug.fr\/index.php?rest_route=\/wp\/v2\/posts\/2972\/revisions\/2979"}],"wp:attachment":[{"href":"https:\/\/www.alpesjug.fr\/index.php?rest_route=%2Fwp%2Fv2%2Fmedia&parent=2972"}],"wp:term":[{"taxonomy":"category","embeddable":true,"href":"https:\/\/www.alpesjug.fr\/index.php?rest_route=%2Fwp%2Fv2%2Fcategories&post=2972"},{"taxonomy":"post_tag","embeddable":true,"href":"https:\/\/www.alpesjug.fr\/index.php?rest_route=%2Fwp%2Fv2%2Ftags&post=2972"}],"curies":[{"name":"wp","href":"https:\/\/api.w.org\/{rel}","templated":true}]}}