{"id":2936,"date":"2016-03-22T19:49:19","date_gmt":"2016-03-22T18:49:19","guid":{"rendered":"http:\/\/www.alpesjug.fr\/?p=2936"},"modified":"2016-03-24T12:25:14","modified_gmt":"2016-03-24T11:25:14","slug":"elasticsearch-le-mardi-5-avril","status":"publish","type":"post","link":"https:\/\/www.alpesjug.fr\/?p=2936","title":{"rendered":"Elasticsearch le mardi 5 Avril"},"content":{"rendered":"<p><img loading=\"lazy\" decoding=\"async\" class=\"alignright size-full wp-image-2951\" src=\"http:\/\/www.alpesjug.fr\/wp-content\/uploads\/2016\/03\/logo-elastic-elasticsearch-lt.png\" alt=\"\" width=\"520\" height=\"80\" \/>Vous utilisez encore des requ\u00eates SQL pour faire des recherches ? Vos utilisateurs vous reprochent de ne pas pouvoir chercher sur toutes les rubriques ? Votre temps de r\u00e9ponse moyen est sup\u00e9rieur \u00e0 la demi-seconde avec seulement quelques millions de documents ? Il vous faut 3 jours pour produire des statistiques sur vos donn\u00e9es ? <strong>Vous r\u00eavez d\u2019offrir une recherche \u00ab\u00a0\u00e0 la google\u00a0\u00bb sur les donn\u00e9es de votre SI ?<br \/>\nNe cherchez plus ! Cette conf\u00e9rence est faite pour vous.<\/strong><\/p>\n<p><strong>David<\/strong> pr\u00e9sentera au cours de la soir\u00e9e pourquoi et comment il est pass\u00e9 de la recherche SQL \u00e0 elasticsearch en d\u00e9taillant les apports de ce moteur par rapport \u00e0 une solution pure Lucene :<\/p>\n<ul>\n<li>Pourquoi elasticsearch ?<\/li>\n<li>L&rsquo;indexation<\/li>\n<li>La recherche<\/li>\n<li>Les agr\u00e9gations et le principe de navigation par facettes<\/li>\n<li>La scalabilit\u00e9 horizontale<\/li>\n<li>L&rsquo;analyse et le mapping<\/li>\n<li>La percolation<\/li>\n<li>La communaut\u00e9<\/li>\n<\/ul>\n<h3>Le conf\u00e9rencier\u00a0<strong>David Pilato<img loading=\"lazy\" decoding=\"async\" class=\"alignright size-full wp-image-2950\" src=\"http:\/\/www.alpesjug.fr\/wp-content\/uploads\/2016\/03\/david_pilato.jpg\" alt=\"David Pilato\" width=\"200\" height=\"200\" \/><\/strong><\/h3>\n<p>Depuis 2013, <strong>David Pilato<\/strong> est d\u00e9veloppeur et \u00e9vang\u00e9liste chez <a href=\"http:\/\/elastic.co\/\" target=\"_blank\">Elastic.co<\/a>, apr\u00e8s avoir pass\u00e9 les deux ann\u00e9es pr\u00e9c\u00e9dentes \u00e0 promouvoir le projet open-source elasticsearch. Il en anime la communaut\u00e9 fran\u00e7aise.\u00a0<a href=\"https:\/\/twitter.com\/dadoonet\">@dadoonet<\/a> et <a href=\"https:\/\/twitter.com\/ElasticFR\">@ElasticFR<\/a> sur Twitter, <a href=\"https:\/\/github.com\/dadoonet\" target=\"_blank\">dadoonet<\/a> sur GitHub.<\/p>\n<p class=\"p1\"><strong>Inscription<\/strong>:<\/p>\n<p><a href=\"http:\/\/www.meetup.com\/AlpesJUG\/events\/229784576\/\" target=\"_blank\">http:\/\/www.meetup.com\/AlpesJUG\/events\/229784576\/<\/a><\/p>\n<p class=\"p1\"><strong>Cette soir\u00e9e se d\u00e9roulera sur le campus \u00e0 la\u00a0Maison Jean Kuntzman\u00a0le Mardi\u00a05 Avril \u00e0 partir de 19h00.<\/strong><\/p>\n<p class=\"p1\">Diffuser l&rsquo;\u00e9v\u00e8nement avec <a href=\"https:\/\/drive.google.com\/open?id=0B3czNgQf7R5EZWMxSFFhdjBWczQ\">les Flyers<\/a>\u00a0a imprimer.<\/p>\n<p><em>Deux licenses JetBrains \u00e0 gagner !<\/em><\/p>\n","protected":false},"excerpt":{"rendered":"<p>Vous utilisez encore des requ\u00eates SQL pour faire des recherches ? Vos utilisateurs vous reprochent de ne pas pouvoir chercher sur toutes les rubriques ? Votre temps de r\u00e9ponse moyen est sup\u00e9rieur \u00e0 la&#46;&#46;&#46;<\/p>\n","protected":false},"author":1,"featured_media":0,"comment_status":"open","ping_status":"open","sticky":false,"template":"","format":"standard","meta":{"footnotes":""},"categories":[14],"tags":[],"class_list":["post-2936","post","type-post","status-publish","format-standard","hentry","category-annonce"],"_links":{"self":[{"href":"https:\/\/www.alpesjug.fr\/index.php?rest_route=\/wp\/v2\/posts\/2936","targetHints":{"allow":["GET"]}}],"collection":[{"href":"https:\/\/www.alpesjug.fr\/index.php?rest_route=\/wp\/v2\/posts"}],"about":[{"href":"https:\/\/www.alpesjug.fr\/index.php?rest_route=\/wp\/v2\/types\/post"}],"author":[{"embeddable":true,"href":"https:\/\/www.alpesjug.fr\/index.php?rest_route=\/wp\/v2\/users\/1"}],"replies":[{"embeddable":true,"href":"https:\/\/www.alpesjug.fr\/index.php?rest_route=%2Fwp%2Fv2%2Fcomments&post=2936"}],"version-history":[{"count":12,"href":"https:\/\/www.alpesjug.fr\/index.php?rest_route=\/wp\/v2\/posts\/2936\/revisions"}],"predecessor-version":[{"id":2953,"href":"https:\/\/www.alpesjug.fr\/index.php?rest_route=\/wp\/v2\/posts\/2936\/revisions\/2953"}],"wp:attachment":[{"href":"https:\/\/www.alpesjug.fr\/index.php?rest_route=%2Fwp%2Fv2%2Fmedia&parent=2936"}],"wp:term":[{"taxonomy":"category","embeddable":true,"href":"https:\/\/www.alpesjug.fr\/index.php?rest_route=%2Fwp%2Fv2%2Fcategories&post=2936"},{"taxonomy":"post_tag","embeddable":true,"href":"https:\/\/www.alpesjug.fr\/index.php?rest_route=%2Fwp%2Fv2%2Ftags&post=2936"}],"curies":[{"name":"wp","href":"https:\/\/api.w.org\/{rel}","templated":true}]}}