{"id":2870,"date":"2016-01-08T09:57:41","date_gmt":"2016-01-08T08:57:41","guid":{"rendered":"http:\/\/www.alpesjug.fr\/?p=2870"},"modified":"2016-02-09T19:39:29","modified_gmt":"2016-02-09T18:39:29","slug":"soiree-le-12-janvier-2016-how-to-best-prepare-for-angular2","status":"publish","type":"post","link":"https:\/\/www.alpesjug.fr\/?p=2870","title":{"rendered":"Soir\u00e9e le 12 Janvier 2016: How to best prepare for Angular2"},"content":{"rendered":"<p>La conf\u00e9rence se fait en partenariat avec le meetup AngularJS, elle aura donc lieu chez Wizbii, 31 rue Gustave Eiffel, Grenoble<\/p>\n<h3>Pr\u00e9sentation<\/h3>\n<div>\n<div style=\"width: 393px\" class=\"wp-caption alignright\"><img loading=\"lazy\" decoding=\"async\" class=\"\" src=\"https:\/\/angularjs.org\/img\/AngularJS-large.png\" alt=\"AngularJS\" width=\"383\" height=\"108\" \/><p class=\"wp-caption-text\">AngularJS<\/p><\/div>\n<p>Starting from an app done in Angular 1.x, you will learn how to best refactor your code so to best prepare for Angular2 transition. This specifically means to organise views around directives (even for the homepage), to get rid of controllers, etc. The new concepts of the framework will be addressed as well as the evolution of the underlying Javascript (namely Typescript). As expected also, the beta version of Angular2 should be out by year end and hence the timing of this meetup is just great to try yourselves on an example.<\/p>\n<\/div>\n<div><\/div>\n<h3>Le conf\u00e9rencier<\/h3>\n<div style=\"width: 250px\" class=\"wp-caption alignright\"><img loading=\"lazy\" decoding=\"async\" src=\"https:\/\/pbs.twimg.com\/profile_images\/628190699951923200\/vS3yoC1K.jpg\" alt=\"Emmanuel Demey \" width=\"240\" height=\"240\" \/><p class=\"wp-caption-text\">Emmanuel Demey<\/p><\/div>\n<p>Consultant et Formateur Web chez Zenika Lille, Emmanuel travaille depuis plus de 5 ann\u00e9es dans le monde du d\u00e9veloppement front. Entre projets open-source, conf\u00e9rences et formations, il \u00e9prouve un grand int\u00e9r\u00eat \u00e0 partager ces connaissances web \u00e0 travers diff\u00e9rents rendez-vous techniques (ChtiJS, Jug Summer Camp, \u0160). Il affectionne tout particuli\u00e8rement AngularJS, la s\u00e9mantique et l\u00b9accessibilit\u00e9 d\u00b9application Web. (@EmmanuelDemey <a class=\"moz-txt-link-rfc2396E\" href=\"https:\/\/twitter.com\/emmanueldemey\">&lt;https:\/\/twitter.com\/emmanueldemey&gt;<\/a> et Profil Github <a class=\"moz-txt-link-rfc2396E\" href=\"https:\/\/github.com\/Gillespie59\">&lt;https:\/\/github.com\/Gillespie59&gt;<\/a>)<\/p>\n<p>&nbsp;<\/p>\n<div>\n<div>\n<p class=\"p1\"><strong>Inscription<\/strong>:<\/p>\n<p><a href=\"http:\/\/www.meetup.com\/fr-FR\/AlpesJUG\/events\/227858889\/\">http:\/\/www.meetup.com\/fr-FR\/AlpesJUG\/events\/227858889\/<\/a><\/p>\n<p class=\"p1\"><strong>Cette soir\u00e9e se d\u00e9roulera chez Wizbii, 31 rue Gustave Eiffel, Grenoble le Mardi 12 Janvier \u00e0 partir de 19h00.<\/strong><\/p>\n<\/div>\n<p class=\"p1\"><strong>\u00a0<\/strong><\/p>\n<\/div>\n","protected":false},"excerpt":{"rendered":"<p>La conf\u00e9rence se fait en partenariat avec le meetup AngularJS, elle aura donc lieu chez Wizbii, 31 rue Gustave Eiffel, Grenoble Pr\u00e9sentation Starting from an app done in Angular 1.x, you will learn how&#46;&#46;&#46;<\/p>\n","protected":false},"author":1,"featured_media":0,"comment_status":"open","ping_status":"open","sticky":false,"template":"","format":"standard","meta":{"footnotes":""},"categories":[14],"tags":[123,4,11,64],"class_list":["post-2870","post","type-post","status-publish","format-standard","hentry","category-annonce","tag-javascript","tag-jug","tag-soiree","tag-web"],"_links":{"self":[{"href":"https:\/\/www.alpesjug.fr\/index.php?rest_route=\/wp\/v2\/posts\/2870","targetHints":{"allow":["GET"]}}],"collection":[{"href":"https:\/\/www.alpesjug.fr\/index.php?rest_route=\/wp\/v2\/posts"}],"about":[{"href":"https:\/\/www.alpesjug.fr\/index.php?rest_route=\/wp\/v2\/types\/post"}],"author":[{"embeddable":true,"href":"https:\/\/www.alpesjug.fr\/index.php?rest_route=\/wp\/v2\/users\/1"}],"replies":[{"embeddable":true,"href":"https:\/\/www.alpesjug.fr\/index.php?rest_route=%2Fwp%2Fv2%2Fcomments&post=2870"}],"version-history":[{"count":2,"href":"https:\/\/www.alpesjug.fr\/index.php?rest_route=\/wp\/v2\/posts\/2870\/revisions"}],"predecessor-version":[{"id":2873,"href":"https:\/\/www.alpesjug.fr\/index.php?rest_route=\/wp\/v2\/posts\/2870\/revisions\/2873"}],"wp:attachment":[{"href":"https:\/\/www.alpesjug.fr\/index.php?rest_route=%2Fwp%2Fv2%2Fmedia&parent=2870"}],"wp:term":[{"taxonomy":"category","embeddable":true,"href":"https:\/\/www.alpesjug.fr\/index.php?rest_route=%2Fwp%2Fv2%2Fcategories&post=2870"},{"taxonomy":"post_tag","embeddable":true,"href":"https:\/\/www.alpesjug.fr\/index.php?rest_route=%2Fwp%2Fv2%2Ftags&post=2870"}],"curies":[{"name":"wp","href":"https:\/\/api.w.org\/{rel}","templated":true}]}}