{"id":2865,"date":"2015-11-30T09:36:02","date_gmt":"2015-11-30T08:36:02","guid":{"rendered":"http:\/\/www.alpesjug.fr\/?p=2865"},"modified":"2016-02-09T19:39:35","modified_gmt":"2016-02-09T18:39:35","slug":"ne-soyez-pas-en-retard-le-9-decembre-2015-soiree-latence-applicative","status":"publish","type":"post","link":"https:\/\/www.alpesjug.fr\/?p=2865","title":{"rendered":"Ne soyez pas en retard le 9 D\u00e9cembre 2015: Soir\u00e9e latence applicative"},"content":{"rendered":"<p>De la latence applicative aux donn\u00e9es anim\u00e9es (en passant par le streaming de donn\u00e9es \/ d&rsquo;APIs) le mercredi 9 D\u00e9cembre 2015 avec C\u00e9dric Tran-Xuan.<\/p>\n<h3>Pr\u00e9sentation<\/h3>\n<div><img loading=\"lazy\" decoding=\"async\" class=\"alignright size-full wp-image-2866\" src=\"http:\/\/www.alpesjug.fr\/wp-content\/uploads\/2015\/11\/c02-products-ultra-low-latency-mesaging.jpg\" alt=\"c02-products-ultra-low-latency-mesaging\" width=\"470\" height=\"200\" \/>Nous savons tous qu&rsquo;il est pr\u00e9f\u00e9rable de coder une application avec de bons temps de r\u00e9ponse&#8230;<\/div>\n<div>Mais quel effort mettre sur l&rsquo;optimisation de la latence applicative ?<\/div>\n<div>Pourquoi Netflix a \u00e9t\u00e9 jusqu&rsquo;\u00e0 cr\u00e9er un nouveau format (le JSONG ?!?) juste pour am\u00e9liorer l&rsquo;affichage des affiches de films ?<\/div>\n<div>Venez comprendre le fonctionnement de votre cerveau et l&rsquo;impact de la latence sur l&rsquo;adoption. Pourquoi notre cerveau est-il attentif aux \u00e9l\u00e9ments en mouvement ? Pourquoi peu \u00e0 peu passera-t-on de l&rsquo;animation de UI \u00e0 l&rsquo;animation de donn\u00e9es ?<\/div>\n<div>Et venez vous enrichir de quelques tendances pour am\u00e9liorer la latence (de Netflix \u00e0 Google, du streaming d&rsquo;APIs \u00e0 HTTP\/2).<\/div>\n<div><\/div>\n<div id=\"attachment_2867\" style=\"width: 190px\" class=\"wp-caption alignright\"><img loading=\"lazy\" decoding=\"async\" aria-describedby=\"caption-attachment-2867\" class=\"wp-image-2867 size-full\" src=\"http:\/\/www.alpesjug.fr\/wp-content\/uploads\/2015\/11\/ctx-avatar-streamdataio.png\" alt=\"C\u00e9dric Tran-Xuan\" width=\"180\" height=\"179\" \/><p id=\"caption-attachment-2867\" class=\"wp-caption-text\">C\u00e9dric Tran-Xuan<\/p><\/div>\n<h3>Le conf\u00e9rencier<\/h3>\n<div>D\u00e9veloppeur chez Streamdata.io, C\u00e9dric participe \u00e0 l\u2019\u00e9laboration d\u2019une plate-forme de push temps r\u00e9el. Pendant son temps libre, il visite l\u2019AlpesJUG, les HumanTalks et quelques Meetups de Grenoble ainsi que quelques MOOCs. Il joue avec des technos comme Java, Scala et Web (AngularJS, EmberJS, Riot.js, etc.).<\/div>\n<div><\/div>\n<div>\n<div>\n<p class=\"p1\"><strong>Inscription<\/strong>:<\/p>\n<p><a href=\"http:\/\/www.meetup.com\/fr\/AlpesJUG\/events\/226053632\/\">http:\/\/www.meetup.com\/fr\/AlpesJUG\/events\/226053632\/<\/a><\/p>\n<p class=\"p1\"><strong>Cette soir\u00e9e se d\u00e9roulera sur le campus \u00e0 la\u00a0Maison Jean Kuntzman\u00a0le Mercredi 9 D\u00e9cembre \u00e0 partir de 19h00.<\/strong><\/p>\n<\/div>\n<p class=\"p1\"><strong>\u00a0<\/strong><\/p>\n<\/div>\n","protected":false},"excerpt":{"rendered":"<p>De la latence applicative aux donn\u00e9es anim\u00e9es (en passant par le streaming de donn\u00e9es \/ d&rsquo;APIs) le mercredi 9 D\u00e9cembre 2015 avec C\u00e9dric Tran-Xuan. Pr\u00e9sentation Nous savons tous qu&rsquo;il est pr\u00e9f\u00e9rable de coder une&#46;&#46;&#46;<\/p>\n","protected":false},"author":1,"featured_media":0,"comment_status":"open","ping_status":"open","sticky":false,"template":"","format":"standard","meta":{"footnotes":""},"categories":[1],"tags":[],"class_list":["post-2865","post","type-post","status-publish","format-standard","hentry","category-non-classe"],"_links":{"self":[{"href":"https:\/\/www.alpesjug.fr\/index.php?rest_route=\/wp\/v2\/posts\/2865","targetHints":{"allow":["GET"]}}],"collection":[{"href":"https:\/\/www.alpesjug.fr\/index.php?rest_route=\/wp\/v2\/posts"}],"about":[{"href":"https:\/\/www.alpesjug.fr\/index.php?rest_route=\/wp\/v2\/types\/post"}],"author":[{"embeddable":true,"href":"https:\/\/www.alpesjug.fr\/index.php?rest_route=\/wp\/v2\/users\/1"}],"replies":[{"embeddable":true,"href":"https:\/\/www.alpesjug.fr\/index.php?rest_route=%2Fwp%2Fv2%2Fcomments&post=2865"}],"version-history":[{"count":1,"href":"https:\/\/www.alpesjug.fr\/index.php?rest_route=\/wp\/v2\/posts\/2865\/revisions"}],"predecessor-version":[{"id":2868,"href":"https:\/\/www.alpesjug.fr\/index.php?rest_route=\/wp\/v2\/posts\/2865\/revisions\/2868"}],"wp:attachment":[{"href":"https:\/\/www.alpesjug.fr\/index.php?rest_route=%2Fwp%2Fv2%2Fmedia&parent=2865"}],"wp:term":[{"taxonomy":"category","embeddable":true,"href":"https:\/\/www.alpesjug.fr\/index.php?rest_route=%2Fwp%2Fv2%2Fcategories&post=2865"},{"taxonomy":"post_tag","embeddable":true,"href":"https:\/\/www.alpesjug.fr\/index.php?rest_route=%2Fwp%2Fv2%2Ftags&post=2865"}],"curies":[{"name":"wp","href":"https:\/\/api.w.org\/{rel}","templated":true}]}}