{"id":2849,"date":"2015-10-12T09:05:18","date_gmt":"2015-10-12T08:05:18","guid":{"rendered":"http:\/\/www.alpesjug.fr\/?p=2849"},"modified":"2015-11-02T18:56:51","modified_gmt":"2015-11-02T17:56:51","slug":"soiree-vert-x-le-jeudi-22-octobre-2015","status":"publish","type":"post","link":"https:\/\/www.alpesjug.fr\/?p=2849","title":{"rendered":"Soir\u00e9e Vert.x le Jeudi 22 Octobre 2015"},"content":{"rendered":"<p>Tout, tout, tout vous saurez tout sur Vert.x le 22 Octobre 2015 avec julien Viet<\/p>\n<h3>Pr\u00e9sentation<\/h3>\n<p><a href=\"http:\/\/vertx.io\"><img loading=\"lazy\" decoding=\"async\" class=\"alignright\" src=\"http:\/\/vertx.io\/assets\/logo-sm.png\" alt=\"\" width=\"275\" height=\"75\" \/><\/a><a href=\"http:\/\/vertx.io\/\">Vert.x<\/a> est une plate-forme pour cr\u00e9er des applications concurrentes, performantes et polyglottes sur la JVM. Cette session parlera des choix faits par Vert.x, de son mod\u00e8le de concurrence et explique comment \u00e9crire des applications concurrentes et performantes de mani\u00e8re tr\u00e8s simple. Nous aborderons quelques aspects cl\u00e9s de Vert.x comme le bus d\u2019\u00e9v\u00e9nement distribu\u00e9 ou la haute disponibilit\u00e9. La pr\u00e9sentation parlera de Vert.x 3.0, de ses nouvelles fonctionnalit\u00e9s et montrera des exemples dans plusieurs langages tels que Java, Javascript, Groovy ou Ruby.<\/p>\n<h3>Le conf\u00e9rencier<\/h3>\n<div style=\"width: 169px\" class=\"wp-caption alignright\"><img loading=\"lazy\" decoding=\"async\" class=\"\" src=\"http:\/\/www.julienviet.com\/portrait_medium.jpg\" alt=\"\" width=\"159\" height=\"159\" \/><p class=\"wp-caption-text\">Julien Viet<\/p><\/div>\n<p><span lang=\"EN-US\">Julien est d\u00e9veloppeur Open Source depuis plus de 10 ans, employ\u00e9 par Red Hat comme contributeur du project Vert.x. Il est passionn\u00e9 par la cuisine, la musique \u00e9lectronique et le r\u00e9trogaming.<\/span><\/p>\n<p>&nbsp;<\/p>\n<p class=\"p1\"><strong>Inscription<\/strong>:<\/p>\n<p><a href=\"http:\/\/www.meetup.com\/fr\/AlpesJUG\/events\/225417800\/\">http:\/\/www.meetup.com\/fr\/AlpesJUG\/events\/225417800\/<\/a><\/p>\n<p class=\"p1\"><strong>Cette soir\u00e9e se d\u00e9roulera sur le campus \u00e0 la\u00a0Maison Jean Kuntzman\u00a0le Jeudi 22 Octobre \u00e0 partir de 19h00.<\/strong><\/p>\n","protected":false},"excerpt":{"rendered":"<p>Tout, tout, tout vous saurez tout sur Vert.x le 22 Octobre 2015 avec julien Viet Pr\u00e9sentation Vert.x est une plate-forme pour cr\u00e9er des applications concurrentes, performantes et polyglottes sur la JVM. Cette session parlera&#46;&#46;&#46;<\/p>\n","protected":false},"author":1,"featured_media":0,"comment_status":"open","ping_status":"open","sticky":false,"template":"","format":"standard","meta":{"footnotes":""},"categories":[14],"tags":[29,368,53,28,11,390],"class_list":["post-2849","post","type-post","status-publish","format-standard","hentry","category-annonce","tag-groovy","tag-java","tag-opensource","tag-rest","tag-soiree","tag-vert-x"],"_links":{"self":[{"href":"https:\/\/www.alpesjug.fr\/index.php?rest_route=\/wp\/v2\/posts\/2849","targetHints":{"allow":["GET"]}}],"collection":[{"href":"https:\/\/www.alpesjug.fr\/index.php?rest_route=\/wp\/v2\/posts"}],"about":[{"href":"https:\/\/www.alpesjug.fr\/index.php?rest_route=\/wp\/v2\/types\/post"}],"author":[{"embeddable":true,"href":"https:\/\/www.alpesjug.fr\/index.php?rest_route=\/wp\/v2\/users\/1"}],"replies":[{"embeddable":true,"href":"https:\/\/www.alpesjug.fr\/index.php?rest_route=%2Fwp%2Fv2%2Fcomments&post=2849"}],"version-history":[{"count":3,"href":"https:\/\/www.alpesjug.fr\/index.php?rest_route=\/wp\/v2\/posts\/2849\/revisions"}],"predecessor-version":[{"id":2853,"href":"https:\/\/www.alpesjug.fr\/index.php?rest_route=\/wp\/v2\/posts\/2849\/revisions\/2853"}],"wp:attachment":[{"href":"https:\/\/www.alpesjug.fr\/index.php?rest_route=%2Fwp%2Fv2%2Fmedia&parent=2849"}],"wp:term":[{"taxonomy":"category","embeddable":true,"href":"https:\/\/www.alpesjug.fr\/index.php?rest_route=%2Fwp%2Fv2%2Fcategories&post=2849"},{"taxonomy":"post_tag","embeddable":true,"href":"https:\/\/www.alpesjug.fr\/index.php?rest_route=%2Fwp%2Fv2%2Ftags&post=2849"}],"curies":[{"name":"wp","href":"https:\/\/api.w.org\/{rel}","templated":true}]}}