{"id":2813,"date":"2015-05-12T19:09:47","date_gmt":"2015-05-12T18:09:47","guid":{"rendered":"http:\/\/www.alpesjug.fr\/?p=2813"},"modified":"2015-06-05T10:59:00","modified_gmt":"2015-06-05T09:59:00","slug":"reactive-app-sur-cluster-raspberry-pi-mercredi-20-mai-a-19h","status":"publish","type":"post","link":"https:\/\/www.alpesjug.fr\/?p=2813","title":{"rendered":"Reactive App sur Cluster Raspberry Pi &#8211; Mercredi 20 Mai \u00e0 19h"},"content":{"rendered":"<div>\n<div>\u200bTu es programmeur ? Tu veux \u00eatre hype ? Tu veux \u00e9crire une application performante, scalable et r\u00e9siliante ? Et si en plus on faisait tourner cette application sur un cluster de raspberry pi ?<br \/>\nD\u00e9velopper une application\u00a0monolithique, satur\u00e9e de stacks entreprise, a d\u00e9ployer dans de monstrueux cluster de JBoss sous amph\u00e9tamines n&rsquo;est pas forc\u00e9ment l&rsquo;approche id\u00e9ale.<\/div>\n<div>Le reactive manifesto propose une approche plus modulaire permettant d&rsquo;atteindre une meilleure scalabilit\u00e9 ainsi qu&rsquo;une meilleure r\u00e9silience. Mais ca c&rsquo;est la th\u00e9orie, comment parvenir a ce r\u00e9sultat ? vers quelles technologies se tourner ? Quels sont les pi\u00e8ges a \u00e9viter ?<\/div>\n<div>Cette session sera l&rsquo;occasion de diss\u00e9quer une application r\u00e9active bas\u00e9e sur des micro services et de l&rsquo;Event Sourcing avec des outils comme Cassandra, ElasticSearch, Play 2 ou encore Akka.<\/div>\n<div>Nous aurons alors l&rsquo;occasion de v\u00e9rifier si l&rsquo;approche r\u00e9active tient ses promesse lorsque le hardware est quelque peu contraint &#8230;\u200b<\/div>\n<\/div>\n<div><\/div>\n<div style=\"width: 290px\" class=\"wp-caption alignright\"><img loading=\"lazy\" decoding=\"async\" class=\"\" src=\"http:\/\/upload.wikimedia.org\/wikipedia\/commons\/thumb\/3\/3d\/RaspberryPi.jpg\/280px-RaspberryPi.jpg\" alt=\"\" width=\"280\" height=\"187\" \/><p class=\"wp-caption-text\">Raspberry Pi<\/p><\/div>\n<p><img loading=\"lazy\" decoding=\"async\" class=\" alignright\" src=\"http:\/\/markusjura.github.io\/reactive-akka-play\/images\/akka.png\" alt=\"\" width=\"461\" height=\"189\" \/><\/p>\n<h2>Infos pratiques<\/h2>\n<p>Inscriptions :\u00a0<a href=\"https:\/\/plus.google.com\/events\/cgsisi54bu5pimr33ulf8jgbj3g\">https:\/\/plus.google.com\/events\/cgsisi54bu5pimr33ulf8jgbj3g<\/a><\/p>\n<p>Les speakers : Mathieu ANCELIN et Alexandre DELEGUE (Serli)<\/p>\n<p>Le lieu de la conf\u00e9rence :\u00a0Orange Labs &#8211;\u00a028 Chemin du Vieux Ch\u00eane, 38240 Meylan<\/p>\n<p>La date et l&rsquo;heure :\u00a0Mercredi 20 Mai \u00e0 19h<\/p>\n<div>Nous terminerons comme d&rsquo;habitude par un buffet gratuit.<\/div>\n","protected":false},"excerpt":{"rendered":"<p>\u200bTu es programmeur ? Tu veux \u00eatre hype ? Tu veux \u00e9crire une application performante, scalable et r\u00e9siliante ? Et si en plus on faisait tourner cette application sur un cluster de raspberry pi&#46;&#46;&#46;<\/p>\n","protected":false},"author":1,"featured_media":0,"comment_status":"open","ping_status":"open","sticky":false,"template":"","format":"standard","meta":{"footnotes":""},"categories":[14],"tags":[],"class_list":["post-2813","post","type-post","status-publish","format-standard","hentry","category-annonce"],"_links":{"self":[{"href":"https:\/\/www.alpesjug.fr\/index.php?rest_route=\/wp\/v2\/posts\/2813","targetHints":{"allow":["GET"]}}],"collection":[{"href":"https:\/\/www.alpesjug.fr\/index.php?rest_route=\/wp\/v2\/posts"}],"about":[{"href":"https:\/\/www.alpesjug.fr\/index.php?rest_route=\/wp\/v2\/types\/post"}],"author":[{"embeddable":true,"href":"https:\/\/www.alpesjug.fr\/index.php?rest_route=\/wp\/v2\/users\/1"}],"replies":[{"embeddable":true,"href":"https:\/\/www.alpesjug.fr\/index.php?rest_route=%2Fwp%2Fv2%2Fcomments&post=2813"}],"version-history":[{"count":7,"href":"https:\/\/www.alpesjug.fr\/index.php?rest_route=\/wp\/v2\/posts\/2813\/revisions"}],"predecessor-version":[{"id":2821,"href":"https:\/\/www.alpesjug.fr\/index.php?rest_route=\/wp\/v2\/posts\/2813\/revisions\/2821"}],"wp:attachment":[{"href":"https:\/\/www.alpesjug.fr\/index.php?rest_route=%2Fwp%2Fv2%2Fmedia&parent=2813"}],"wp:term":[{"taxonomy":"category","embeddable":true,"href":"https:\/\/www.alpesjug.fr\/index.php?rest_route=%2Fwp%2Fv2%2Fcategories&post=2813"},{"taxonomy":"post_tag","embeddable":true,"href":"https:\/\/www.alpesjug.fr\/index.php?rest_route=%2Fwp%2Fv2%2Ftags&post=2813"}],"curies":[{"name":"wp","href":"https:\/\/api.w.org\/{rel}","templated":true}]}}