{"id":2802,"date":"2015-04-10T16:06:14","date_gmt":"2015-04-10T15:06:14","guid":{"rendered":"http:\/\/www.alpesjug.fr\/?p=2802"},"modified":"2015-05-12T19:11:41","modified_gmt":"2015-05-12T18:11:41","slug":"la-securite-des-applications-dans-un-monde-nuageux-mobile-et-dobjets-connectes","status":"publish","type":"post","link":"https:\/\/www.alpesjug.fr\/?p=2802","title":{"rendered":"La s\u00e9curit\u00e9 des applications dans un monde nuageux, mobile et d&rsquo;objets connect\u00e9s&#8230; Mardi 28 Avril 2015"},"content":{"rendered":"<p class=\"p1\">Suite \u00e0 l&rsquo;annulation de l&rsquo;\u00e9mission initialement pr\u00e9vue sur TV5Monde, l&rsquo;AlpesJug accueille Ludovic Poitou, le Mardi 28 Avril 2015 \u00e0 19h, pour parler de mots de passe, de s\u00e9curit\u00e9 des applications et de confidentialit\u00e9 des donn\u00e9es priv\u00e9es.<\/p>\n<p class=\"p1\"><strong>La pr\u00e9sentation<\/strong><\/p>\n<p class=\"p1\"><span class=\"s1\">Les besoins de s\u00e9curit\u00e9 de l&rsquo;information ont dramatiquement \u00e9volu\u00e9s ces derni\u00e8res ann\u00e9es, avec l&rsquo;\u00e9mergence de 4 tendances fortes : la prolif\u00e9ration des appareils mobiles, l&rsquo;importance des r\u00e9seaux sociaux, l&rsquo;utilisation des services de cloud-computing et l\u2019\u00e9mergence des objets connect\u00e9s.<\/span><\/p>\n<p class=\"p1\"><span class=\"s1\">Face \u00e0 ces changements, les entreprises se doivent de r\u00e9agir, \u00a0transformer leur infrastructure et renforcer leurs capacit\u00e9 \u00e0 s\u00e9curiser l&rsquo;information et ses \u00e9changes. Au coeur du sujet, se trouve la gestion des identit\u00e9s et de leurs relations (IRM).<\/span><\/p>\n<p class=\"p1\"><span class=\"s1\">A travers l&rsquo;exemple de la solution Open Identity Stack de ForgeRock, une solution de gestion des identit\u00e9s open source et en Java, nous regarderons les diff\u00e9rents besoins, les nouveaux standards en train d&rsquo;\u00e9merger, et nous en mesurerons l&rsquo;impact sur les infrastructures du syst\u00e8me d&rsquo;information et l&rsquo;architecture des applications.\u00a0<\/span><\/p>\n<p class=\"p1\"><strong>Le conf\u00e9rencier<img loading=\"lazy\" decoding=\"async\" class=\"alignright wp-image-2805\" src=\"http:\/\/www.alpesjug.fr\/wp-content\/uploads\/2015\/04\/ludop_photo.jpg\" alt=\"ludop_photo\" width=\"150\" height=\"151\" \/><\/strong><\/p>\n<p class=\"p1\">Ludovic Poitou est le directeur g\u00e9n\u00e9ral de ForgeRock France depuis 2010, et responsable de plusieurs produits de gestion d&rsquo;identit\u00e9 et de s\u00e9curit\u00e9.<\/p>\n<p class=\"p1\">Auparavant, il a pass\u00e9 15 ans chez Sun Microsystems \u00e0 d\u00e9velopper des solutions d&rsquo;annuaires hautement disponibles en C puis Java, et \u00e0\u00a0faire la promotion de projets open sources.<\/p>\n<p class=\"p1\"><strong>Inscription<\/strong>:<\/p>\n<p class=\"p1\"><a href=\"https:\/\/plus.google.com\/u\/0\/events\/cfhkkimbimbkumdb248n45a4e8k\"><span class=\"s1\">https:\/\/plus.google.com\/u\/0\/events\/cfhkkimbimbkumdb248n45a4e8k<\/span><\/a><\/p>\n<p class=\"p1\">Cette soir\u00e9e se d\u00e9roulera sur le campus \u00e0 la\u00a0Maison Jean Kuntzman\u00a0le mardi 28\u00a0Avril \u00e0 partir de 19h00.<\/p>\n","protected":false},"excerpt":{"rendered":"<p>Suite \u00e0 l&rsquo;annulation de l&rsquo;\u00e9mission initialement pr\u00e9vue sur TV5Monde, l&rsquo;AlpesJug accueille Ludovic Poitou, le Mardi 28 Avril 2015 \u00e0 19h, pour parler de mots de passe, de s\u00e9curit\u00e9 des applications et de confidentialit\u00e9 des&#46;&#46;&#46;<\/p>\n","protected":false},"author":6,"featured_media":0,"comment_status":"open","ping_status":"open","sticky":false,"template":"","format":"standard","meta":{"footnotes":""},"categories":[1],"tags":[360,377,362,358,361,363,368,364,53,359,11],"class_list":["post-2802","post","type-post","status-publish","format-standard","hentry","category-non-classe","tag-applications","tag-cloud","tag-confidentialite","tag-forgerock","tag-identite","tag-iot","tag-java","tag-objetsconnectes","tag-opensource","tag-securite","tag-soiree"],"_links":{"self":[{"href":"https:\/\/www.alpesjug.fr\/index.php?rest_route=\/wp\/v2\/posts\/2802","targetHints":{"allow":["GET"]}}],"collection":[{"href":"https:\/\/www.alpesjug.fr\/index.php?rest_route=\/wp\/v2\/posts"}],"about":[{"href":"https:\/\/www.alpesjug.fr\/index.php?rest_route=\/wp\/v2\/types\/post"}],"author":[{"embeddable":true,"href":"https:\/\/www.alpesjug.fr\/index.php?rest_route=\/wp\/v2\/users\/6"}],"replies":[{"embeddable":true,"href":"https:\/\/www.alpesjug.fr\/index.php?rest_route=%2Fwp%2Fv2%2Fcomments&post=2802"}],"version-history":[{"count":5,"href":"https:\/\/www.alpesjug.fr\/index.php?rest_route=\/wp\/v2\/posts\/2802\/revisions"}],"predecessor-version":[{"id":2808,"href":"https:\/\/www.alpesjug.fr\/index.php?rest_route=\/wp\/v2\/posts\/2802\/revisions\/2808"}],"wp:attachment":[{"href":"https:\/\/www.alpesjug.fr\/index.php?rest_route=%2Fwp%2Fv2%2Fmedia&parent=2802"}],"wp:term":[{"taxonomy":"category","embeddable":true,"href":"https:\/\/www.alpesjug.fr\/index.php?rest_route=%2Fwp%2Fv2%2Fcategories&post=2802"},{"taxonomy":"post_tag","embeddable":true,"href":"https:\/\/www.alpesjug.fr\/index.php?rest_route=%2Fwp%2Fv2%2Ftags&post=2802"}],"curies":[{"name":"wp","href":"https:\/\/api.w.org\/{rel}","templated":true}]}}