{"id":2757,"date":"2015-03-04T19:25:55","date_gmt":"2015-03-04T18:25:55","guid":{"rendered":"http:\/\/www.alpesjug.fr\/?p=2757"},"modified":"2015-04-10T16:11:14","modified_gmt":"2015-04-10T15:11:14","slug":"camlistore-un-projet-en-go-le-mardi-24-mars-2015","status":"publish","type":"post","link":"https:\/\/www.alpesjug.fr\/?p=2757","title":{"rendered":"Camlistore: un projet en Go le mardi 24 Mars 2015"},"content":{"rendered":"<p>L&rsquo;AlpesJUG ce n&rsquo;est pas QUE du Java \ud83d\ude09 aussi pour changer un peu nous avons le plaisir d&rsquo;accueillir Mathieu Lonjaret pour nous parler de <a href=\"https:\/\/golang.org\">Go<\/a> et du projet libre <a href=\"https:\/\/camlistore.org\">Camlistore<\/a> le Mardi 24 Mars 2015.<\/p>\n<h2><img loading=\"lazy\" decoding=\"async\" class=\"alignright wp-image-2760\" src=\"http:\/\/www.alpesjug.fr\/wp-content\/uploads\/2015\/03\/golang.png\" alt=\"golang\" width=\"125\" height=\"170\" \/>Pr\u00e9sentation<\/h2>\n<p><img loading=\"lazy\" decoding=\"async\" class=\" wp-image-2763 alignleft\" src=\"http:\/\/www.alpesjug.fr\/wp-content\/uploads\/2015\/03\/Camlistore_logo.jpeg.jpeg\" alt=\"Camlistore_logo.jpeg\" width=\"110\" height=\"110\" \/>Dans un monde o\u00f9 de plus en plus de nos donn\u00e9es personnelles sont h\u00e9berg\u00e9es (et appropri\u00e9es?) par de puissantes tierces parties, <a href=\"https:\/\/camlistore.org\">Camlistore<\/a> se veut \u00eatre une solution p\u00e9renne qui vous permette d&rsquo;interagir facilement avec vos donn\u00e9es de n&rsquo;importe o\u00f9, tout en gardant le contr\u00f4le sur leur h\u00e9bergement.<br \/>\nPar ailleurs, ce projet doit beaucoup au langage Go; langage relativement r\u00e9cent mais connaissant d\u00e9j\u00e0 un fort succ\u00e8s. Et r\u00e9ciproquement, un certain nombre d&rsquo;avanc\u00e9es du langage ont vu le jour suite aux \u00ab\u00a0exp\u00e9riences\u00a0\u00bb men\u00e9es (notamment par <a href=\"http:\/\/bradfitz.com\/\">Brad Fitzpatrick<\/a>) dans <a href=\"https:\/\/camlistore.org\">Camlistore<\/a>.<\/p>\n<p><strong>Cette pr\u00e9sentation sera donc un tour d&rsquo;horizon du langage <a href=\"https:\/\/golang.org\">Go<\/a>, dans le contexte d&rsquo;un projet libre relativement large tel que <a href=\"https:\/\/camlistore.org\">Camlistore<\/a>.<\/strong><\/p>\n<p><img loading=\"lazy\" decoding=\"async\" class=\"alignright wp-image-2769\" src=\"http:\/\/www.alpesjug.fr\/wp-content\/uploads\/2015\/03\/jug.jpg\" alt=\"jug\" width=\"250\" height=\"265\" \/><\/p>\n<h2>Le conf\u00e9rencier<\/h2>\n<p>(Astro)physicien de formation. Anciennement ing\u00e9nieur (admin syst\u00e8mes, puis programmeur) au CNRS puis \u00e0 l&rsquo;IRAM (Institut de Radio-Astronomie Millim\u00e9trique). Actuellement programmeur \u00ab\u00a0ind\u00e9pendant\u00a0\u00bb pour Camlistore (<a class=\"moz-txt-link-freetext\" href=\"https:\/\/camlistore.org\">https:\/\/camlistore.org<\/a>).<br \/>\nContributeur entre autres \u00e0 Plan 9, plan9port, et Go. Gopher depuis 2010.<\/p>\n<h2>Inscriptions<\/h2>\n<div><strong>Inscriptions<\/strong>\u00a0: <a href=\"https:\/\/plus.google.com\/u\/0\/events\/cg99kadl997q31hmotdkhnm9fko\">https:\/\/plus.google.com\/u\/0\/events\/cg99kadl997q31hmotdkhnm9fko<\/a><\/div>\n<div>Cette soir\u00e9e se d\u00e9roulera sur le campus \u00e0 la\u00a0Maison Jean Kuntzman\u00a0le Mardi 24 Mars \u00e0 partir de 19h00.<\/div>\n","protected":false},"excerpt":{"rendered":"<p>L&rsquo;AlpesJUG ce n&rsquo;est pas QUE du Java \ud83d\ude09 aussi pour changer un peu nous avons le plaisir d&rsquo;accueillir Mathieu Lonjaret pour nous parler de Go et du projet libre Camlistore le Mardi 24 Mars&#46;&#46;&#46;<\/p>\n","protected":false},"author":1,"featured_media":0,"comment_status":"open","ping_status":"open","sticky":false,"template":"","format":"standard","meta":{"footnotes":""},"categories":[14],"tags":[370,350,4,53,11],"class_list":["post-2757","post","type-post","status-publish","format-standard","hentry","category-annonce","tag-code","tag-go","tag-jug","tag-opensource","tag-soiree"],"_links":{"self":[{"href":"https:\/\/www.alpesjug.fr\/index.php?rest_route=\/wp\/v2\/posts\/2757","targetHints":{"allow":["GET"]}}],"collection":[{"href":"https:\/\/www.alpesjug.fr\/index.php?rest_route=\/wp\/v2\/posts"}],"about":[{"href":"https:\/\/www.alpesjug.fr\/index.php?rest_route=\/wp\/v2\/types\/post"}],"author":[{"embeddable":true,"href":"https:\/\/www.alpesjug.fr\/index.php?rest_route=\/wp\/v2\/users\/1"}],"replies":[{"embeddable":true,"href":"https:\/\/www.alpesjug.fr\/index.php?rest_route=%2Fwp%2Fv2%2Fcomments&post=2757"}],"version-history":[{"count":11,"href":"https:\/\/www.alpesjug.fr\/index.php?rest_route=\/wp\/v2\/posts\/2757\/revisions"}],"predecessor-version":[{"id":2771,"href":"https:\/\/www.alpesjug.fr\/index.php?rest_route=\/wp\/v2\/posts\/2757\/revisions\/2771"}],"wp:attachment":[{"href":"https:\/\/www.alpesjug.fr\/index.php?rest_route=%2Fwp%2Fv2%2Fmedia&parent=2757"}],"wp:term":[{"taxonomy":"category","embeddable":true,"href":"https:\/\/www.alpesjug.fr\/index.php?rest_route=%2Fwp%2Fv2%2Fcategories&post=2757"},{"taxonomy":"post_tag","embeddable":true,"href":"https:\/\/www.alpesjug.fr\/index.php?rest_route=%2Fwp%2Fv2%2Ftags&post=2757"}],"curies":[{"name":"wp","href":"https:\/\/api.w.org\/{rel}","templated":true}]}}