{"id":2670,"date":"2015-01-09T10:57:46","date_gmt":"2015-01-09T09:57:46","guid":{"rendered":"http:\/\/www.alpesjug.fr\/?p=2670"},"modified":"2015-01-21T17:40:55","modified_gmt":"2015-01-21T16:40:55","slug":"golo-un-langage-qui-prend-du-poids-mardi-20012015","status":"publish","type":"post","link":"https:\/\/www.alpesjug.fr\/?p=2670","title":{"rendered":"Golo un langage qui prend du poids &#8211; Mardi 20\/01\/2015"},"content":{"rendered":"<p><strong>Pour bien commencer l&rsquo;ann\u00e9e 2015 nous accueillerons le Mardi 20 Janvier Philippe Charri\u00e8re qui viendra nous parler de <a href=\"http:\/\/golo-lang.org\/\">Golo<\/a>.<\/strong><\/p>\n<h2><a href=\"http:\/\/www.alpesjug.fr\/wp-content\/uploads\/2015\/01\/logo-golo.png\"><img loading=\"lazy\" decoding=\"async\" class=\"alignright wp-image-2672 size-full\" src=\"http:\/\/www.alpesjug.fr\/wp-content\/uploads\/2015\/01\/logo-golo.png\" alt=\"Golo\" width=\"227\" height=\"80\" srcset=\"https:\/\/www.alpesjug.fr\/wp-content\/uploads\/2015\/01\/logo-golo.png 227w, https:\/\/www.alpesjug.fr\/wp-content\/uploads\/2015\/01\/logo-golo-150x52.png 150w\" sizes=\"auto, (max-width: 227px) 100vw, 227px\" \/><\/a>Pr\u00e9sentation<\/h2>\n<p><strong>Golo, comment, pourquoi, qui, &#8230; Th\u00e9orie &amp; Code Code Code<\/strong><\/p>\n<p>Nous reviendrons sur les origines du langage Golo, la th\u00e9orie (le langage + exemples + how to) . Puis nous verrons comment interagir avec Java depuis Golo et avec Golo depuis Java.<br \/>\nEnfin nous verrons les patterns d&rsquo;utilisation du langage.<\/p>\n<p><strong>Applications possibles avec des exemples<\/strong><\/p>\n<p>&#8211; Faire un DSL de test en direct<br \/>\n&#8211; J&rsquo;ai enfant\u00e9 le b\u00e9b\u00e9 de express et de play en golo (on parlera perfs aussi #troll)<br \/>\n&#8211; Pourquoi les langages dynamiques sont parfaits pour l&rsquo;IOT (d\u00e9monstration avec une boule)<\/p>\n<p><strong>Comment facilement modifier (rapidement) Golo<\/strong><\/p>\n<p>Il est possible de facilement faire \u00e9voluer le langage Golo, en Java et en Golo (sauf pour la partie invokedynamic,\u00a0 l\u00e0 c&rsquo;est pour le Doc @<a href=\"https:\/\/twitter.com\/jponge\">jponge<\/a>)<\/p>\n<h2>Le conf\u00e9rencier<\/h2>\n<p><a href=\"http:\/\/www.alpesjug.fr\/wp-content\/uploads\/2015\/01\/280x157-jHk.jpg\"><img loading=\"lazy\" decoding=\"async\" class=\"alignleft size-full wp-image-2675\" src=\"http:\/\/www.alpesjug.fr\/wp-content\/uploads\/2015\/01\/280x157-jHk.jpg\" alt=\"Philippe Charri\u00e8re\" width=\"280\" height=\"157\" srcset=\"https:\/\/www.alpesjug.fr\/wp-content\/uploads\/2015\/01\/280x157-jHk.jpg 280w, https:\/\/www.alpesjug.fr\/wp-content\/uploads\/2015\/01\/280x157-jHk-150x84.jpg 150w\" sizes=\"auto, (max-width: 280px) 100vw, 280px\" \/><\/a>Philippe a d\u00e9j\u00e0 (bien) d\u00e9pass\u00e9 la 40aine, et pourtant il continue encore \u00e0 \u00ab\u00a0geeker\u00a0\u00bb au travail comme \u00e0 la maison sur divers sujets tous li\u00e9s au d\u00e9veloppement. Il est aujourd&rsquo;hui directeur marketing de <a href=\"http:\/\/www.typeunsafe.org\/\">Typeunsafe<\/a>\u00a0 et accessoirement directeur technique chez SQLi-Lyon. Il pr\u00e9sente une addiction s\u00e9v\u00e8re pour tout ce qui touche \u00e0 <strong>Javascript<\/strong> et aux single page applications, mais aussi pour un petit langage dynamique Gaulois pour la JVM du nom de <a href=\"http:\/\/golo-lang.org\/\">Golo<\/a>. A ce titre, il se proclame lui-m\u00eame<strong> \u00ab\u00a0Golo Developer Advocate\u00a0\u00bb<\/strong>, \u00e9tant un des rares (pour le moment) \u00ab\u00a0experts\u00a0\u00bb du sujet \ud83d\ude09 .<\/p>\n<p>Suivez le sur <a href=\"https:\/\/twitter.com\/k33g_org\">Twitter<\/a>, <a href=\"https:\/\/plus.google.com\/+PhilippeCharri\u00e8re\">Google+<\/a> et sur son <a href=\"http:\/\/k33g.github.io\/\">blog<\/a>.<\/p>\n<p>&nbsp;<\/p>\n<h2>Inscriptions<\/h2>\n<div><strong>Inscriptions<\/strong>\u00a0: <a href=\"https:\/\/plus.google.com\/u\/0\/events\/cis3u2e3tgndra5tpi0ejb1s71o\">https:\/\/plus.google.com\/u\/0\/events\/cis3u2e3tgndra5tpi0ejb1s71o<\/a><\/div>\n<div>Cette soir\u00e9e se d\u00e9roulera sur le campus \u00e0 la\u00a0Maison Jean Kuntzman\u00a0le mardi 20 Janvier \u00e0 partir de 19h00.<\/div>\n<p><strong>Pour venir<\/strong>\u00a0:\u00a0<a href=\"https:\/\/maps.google.fr\/maps?expflags=enable_star_based_justifications:true&amp;ie=UTF8&amp;cid=13654738392765430246&amp;q=Maison+Jean+Kuntzmann&amp;iwloc=A&amp;gl=FR&amp;hl=fr\">Maison Jean Kuntzmann Universit\u00e9 Joseph Fourier Grenoble 3 38400 Gi\u00e8res<\/a><\/p>\n","protected":false},"excerpt":{"rendered":"<p>Pour bien commencer l&rsquo;ann\u00e9e 2015 nous accueillerons le Mardi 20 Janvier Philippe Charri\u00e8re qui viendra nous parler de Golo. Pr\u00e9sentation Golo, comment, pourquoi, qui, &#8230; Th\u00e9orie &amp; Code Code Code Nous reviendrons sur les&#46;&#46;&#46;<\/p>\n","protected":false},"author":1,"featured_media":0,"comment_status":"open","ping_status":"open","sticky":false,"template":"","format":"standard","meta":{"footnotes":""},"categories":[14],"tags":[370,345,4,53,11],"class_list":["post-2670","post","type-post","status-publish","format-standard","hentry","category-annonce","tag-code","tag-golo","tag-jug","tag-opensource","tag-soiree"],"_links":{"self":[{"href":"https:\/\/www.alpesjug.fr\/index.php?rest_route=\/wp\/v2\/posts\/2670","targetHints":{"allow":["GET"]}}],"collection":[{"href":"https:\/\/www.alpesjug.fr\/index.php?rest_route=\/wp\/v2\/posts"}],"about":[{"href":"https:\/\/www.alpesjug.fr\/index.php?rest_route=\/wp\/v2\/types\/post"}],"author":[{"embeddable":true,"href":"https:\/\/www.alpesjug.fr\/index.php?rest_route=\/wp\/v2\/users\/1"}],"replies":[{"embeddable":true,"href":"https:\/\/www.alpesjug.fr\/index.php?rest_route=%2Fwp%2Fv2%2Fcomments&post=2670"}],"version-history":[{"count":5,"href":"https:\/\/www.alpesjug.fr\/index.php?rest_route=\/wp\/v2\/posts\/2670\/revisions"}],"predecessor-version":[{"id":2677,"href":"https:\/\/www.alpesjug.fr\/index.php?rest_route=\/wp\/v2\/posts\/2670\/revisions\/2677"}],"wp:attachment":[{"href":"https:\/\/www.alpesjug.fr\/index.php?rest_route=%2Fwp%2Fv2%2Fmedia&parent=2670"}],"wp:term":[{"taxonomy":"category","embeddable":true,"href":"https:\/\/www.alpesjug.fr\/index.php?rest_route=%2Fwp%2Fv2%2Fcategories&post=2670"},{"taxonomy":"post_tag","embeddable":true,"href":"https:\/\/www.alpesjug.fr\/index.php?rest_route=%2Fwp%2Fv2%2Ftags&post=2670"}],"curies":[{"name":"wp","href":"https:\/\/api.w.org\/{rel}","templated":true}]}}