{"id":2492,"date":"2014-06-04T11:52:59","date_gmt":"2014-06-04T09:52:59","guid":{"rendered":"http:\/\/www.alpesjug.fr\/?p=2492"},"modified":"2014-09-12T16:53:41","modified_gmt":"2014-09-12T14:53:41","slug":"ceylon-dici-a-linfini-tour-dhorizon-et-le-futur-mercredi-11-juin-2014","status":"publish","type":"post","link":"https:\/\/www.alpesjug.fr\/?p=2492","title":{"rendered":"Ceylon d\u2018ici \u00e0 l\u2018infini : tour d\u2018horizon et le futur Mercredi 11 Juin 2014"},"content":{"rendered":"<p><strong>Le Mercredi\u00a0 11 Juin\u00a0 2014 l\u2019AlpesJUG a le plaisir de vous inviter \u00e0 venir d\u00e9couvrir Ceylon, un autre langage sur la JVM.<br \/>\n<\/strong><\/p>\n<h2><a href=\"http:\/\/www.alpesjug.fr\/wp-content\/uploads\/2014\/06\/ceylon_icon_256px.png\"><img loading=\"lazy\" decoding=\"async\" class=\"alignright size-thumbnail wp-image-2496\" src=\"http:\/\/www.alpesjug.fr\/wp-content\/uploads\/2014\/06\/ceylon_icon_256px-150x150.png\" alt=\"Ceylon\" width=\"150\" height=\"150\" srcset=\"https:\/\/www.alpesjug.fr\/wp-content\/uploads\/2014\/06\/ceylon_icon_256px-150x150.png 150w, https:\/\/www.alpesjug.fr\/wp-content\/uploads\/2014\/06\/ceylon_icon_256px.png 256w\" sizes=\"auto, (max-width: 150px) 100vw, 150px\" \/><\/a>Pr\u00e9sentation<\/h2>\n<p><a href=\"http:\/\/ceylon-lang.org\">Ceylon<\/a> est un <strong>nouveau langage de programmation \u00e9l\u00e9gant pour la JVM et les VMs JavaScript<\/strong>, fait pour le travail en \u00e9quipe. Mais plus que \u00e7a, c\u2018est une plate-forme compl\u00e8te avec modularit\u00e9, un SDK, des outils et IDEs.<br \/>\nNous allons pr\u00e9senter le langage, la plate-forme et son \u00e9cosyst\u00e8me. Vous allez tout voir : du nouveau projet dans l&rsquo;IDE \u00e0 la publication dans <a href=\"https:\/\/modules.ceylon-lang.org\/\">Herd<\/a>, notre d\u00e9p\u00f4t de modules, y compris le SDK. Nous pr\u00e9senterons \u00e9galement les projets Ceylon en cours tels que le syst\u00e8me de build, l&rsquo;int\u00e9gration <a href=\"http:\/\/vertx.io\/\">Vert.x <\/a>ou <a href=\"https:\/\/github.com\/vietj\/ceylon-cayla\">Cayla<\/a>, le nouveau framework Web.<br \/>\nEnfin nous pr\u00e9senterons les plans pour Ceylon 1.1, 1.2 et au del\u00e0.<\/p>\n<h2>Le conf\u00e9rencier<\/h2>\n<p><a href=\"http:\/\/www.alpesjug.fr\/wp-content\/uploads\/2014\/06\/StephaneEpardaud.jpg\"><img loading=\"lazy\" decoding=\"async\" class=\"alignleft size-thumbnail wp-image-2495\" src=\"http:\/\/www.alpesjug.fr\/wp-content\/uploads\/2014\/06\/StephaneEpardaud-150x150.jpg\" alt=\"Stephane Epardaud\" width=\"150\" height=\"150\" srcset=\"https:\/\/www.alpesjug.fr\/wp-content\/uploads\/2014\/06\/StephaneEpardaud-150x150.jpg 150w, https:\/\/www.alpesjug.fr\/wp-content\/uploads\/2014\/06\/StephaneEpardaud.jpg 200w\" sizes=\"auto, (max-width: 150px) 100vw, 150px\" \/><\/a>Depuis les hautes montagnes de Nice, St\u00e9phane travaille pour Red Hat sur le project Ceylon.<\/p>\n<p>Hacker passionn\u00e9 de Java, C, Perl ou Scheme. Vers\u00e9 dans les standards web et des bases de donn\u00e9es, il a travaill\u00e9 sur divers projets tel qu&rsquo;un \u00e9diteur XML WYSIWYG, une libraire de multi-threading en C, un language pour agents mobiles en Scheme (compilateur et machines virtuelles), ainsi que des services web 2.0 RESTful et des interfaces web riches en HTML 5 \/ Javascript.<\/p>\n<p>Avide de partage de connaissance, il va souvent parler dans des conf\u00e9rences telles que Scheme Workshop 2004, l\u00b4Universit\u00e9 de Nice en 2008-2009, de nombreux Java User Groups, dont le Riviera Java User Group qu&rsquo;il a cr\u00e9e avec Nicolas Leroux. Acteur passionn\u00e9 de l\u00b4open source depuis le d\u00e9but, il contribute au projet RESTEasy et cr\u00e9e les projets jax-doclets, stamps.js, quelques modules de Play! Framework et travaille sur les projets Ceylon pour<a href=\"http:\/\/www.redhat.com\/\"> Red Hat<\/a>.<\/p>\n<p>&nbsp;<\/p>\n<h2>\u00a0Lightning Talk :\u00a0 Retour d&rsquo;exp\u00e9rience DART par G\u00e9rald Reinhart<\/h2>\n<p>Ing\u00e9nieur d\u00e9veloppement passionn\u00e9 depuis une quinzaine d&rsquo;ann\u00e9es, G\u00e9rald a d\u00e9couvert gr\u00e2ce \u00e0 Alpes JUG la plateforme Dart. Depuis il d\u00e9veloppe le site <a href=\"http:\/\/www.la-boussole.info%20\">http:\/\/www.la-boussole.info <\/a>client et serveur en Dart. Il fera un retour d&rsquo;exp\u00e9rience de l&rsquo;exploitation de cet environnement.<\/p>\n<p>&nbsp;<\/p>\n<h2>Infos et inscriptions :<\/h2>\n<div><strong>Inscriptions<\/strong> :<a href=\"https:\/\/plus.google.com\/u\/0\/events\/cjnl6ro2b8skvcj7bfgvc7odtqs\">https:\/\/plus.google.com\/u\/0\/events\/cjnl6ro2b8skvcj7bfgvc7odtqs<\/a><\/div>\n<div>Cette soir\u00e9e se d\u00e9roulera sur le campus \u00e0 la\u00a0Maison Jean Kuntzman\u00a0le Mercredi 11 Juin \u00e0 partir de 19h00.<\/div>\n<p><strong>Pour venir<\/strong> : <a href=\"https:\/\/maps.google.fr\/maps?expflags=enable_star_based_justifications:true&amp;ie=UTF8&amp;cid=13654738392765430246&amp;q=Maison+Jean+Kuntzmann&amp;iwloc=A&amp;gl=FR&amp;hl=fr\">Maison Jean Kuntzmann Universit\u00e9 Joseph Fourier Grenoble 3 38400 Gi\u00e8res <\/a><\/p>\n","protected":false},"excerpt":{"rendered":"<p>Le Mercredi\u00a0 11 Juin\u00a0 2014 l\u2019AlpesJUG a le plaisir de vous inviter \u00e0 venir d\u00e9couvrir Ceylon, un autre langage sur la JVM. Pr\u00e9sentation Ceylon est un nouveau langage de programmation \u00e9l\u00e9gant pour la JVM&#46;&#46;&#46;<\/p>\n","protected":false},"author":1,"featured_media":0,"comment_status":"open","ping_status":"open","sticky":false,"template":"","format":"standard","meta":{"footnotes":""},"categories":[1],"tags":[388,368,369,4,385,11],"class_list":["post-2492","post","type-post","status-publish","format-standard","hentry","category-non-classe","tag-ceylon","tag-java","tag-jboss","tag-jug","tag-redhat","tag-soiree"],"_links":{"self":[{"href":"https:\/\/www.alpesjug.fr\/index.php?rest_route=\/wp\/v2\/posts\/2492","targetHints":{"allow":["GET"]}}],"collection":[{"href":"https:\/\/www.alpesjug.fr\/index.php?rest_route=\/wp\/v2\/posts"}],"about":[{"href":"https:\/\/www.alpesjug.fr\/index.php?rest_route=\/wp\/v2\/types\/post"}],"author":[{"embeddable":true,"href":"https:\/\/www.alpesjug.fr\/index.php?rest_route=\/wp\/v2\/users\/1"}],"replies":[{"embeddable":true,"href":"https:\/\/www.alpesjug.fr\/index.php?rest_route=%2Fwp%2Fv2%2Fcomments&post=2492"}],"version-history":[{"count":8,"href":"https:\/\/www.alpesjug.fr\/index.php?rest_route=\/wp\/v2\/posts\/2492\/revisions"}],"predecessor-version":[{"id":2505,"href":"https:\/\/www.alpesjug.fr\/index.php?rest_route=\/wp\/v2\/posts\/2492\/revisions\/2505"}],"wp:attachment":[{"href":"https:\/\/www.alpesjug.fr\/index.php?rest_route=%2Fwp%2Fv2%2Fmedia&parent=2492"}],"wp:term":[{"taxonomy":"category","embeddable":true,"href":"https:\/\/www.alpesjug.fr\/index.php?rest_route=%2Fwp%2Fv2%2Fcategories&post=2492"},{"taxonomy":"post_tag","embeddable":true,"href":"https:\/\/www.alpesjug.fr\/index.php?rest_route=%2Fwp%2Fv2%2Ftags&post=2492"}],"curies":[{"name":"wp","href":"https:\/\/api.w.org\/{rel}","templated":true}]}}