{"id":249,"date":"2010-03-30T09:19:35","date_gmt":"2010-03-30T08:19:35","guid":{"rendered":"http:\/\/www.alpesjug.fr\/?p=249"},"modified":"2010-03-30T16:06:16","modified_gmt":"2010-03-30T15:06:16","slug":"soiree-maven-les-slides","status":"publish","type":"post","link":"https:\/\/www.alpesjug.fr\/?p=249","title":{"rendered":"Soir\u00e9e Maven &#8211; Compte rendu et slides"},"content":{"rendered":"<div>L&rsquo;Alpes JUG accueillait hier soir Arnaud H\u00e9riter pour une soir\u00e9e sp\u00e9ciale Maven, sponsoris\u00e9e par notre partenaire <a href=\"http:\/\/www.silverpeas.com\">Silverpeas<\/a>.<br \/>\nArnaud,  toujours aussi convainquant quand il nous parle de son outil pr\u00e9f\u00e9r\u00e9,  avait tellement de choses \u00e0 nous raconter qu&rsquo;il nous a demand\u00e9 de  choisir notre \u00ab\u00a0menu\u00a0\u00bb pour cette conf\u00e9rence.<br \/>\nLes sujets retenus furent  ainsi l&rsquo;avenir de Maven avec notamment Maven 3, les bonnes et mauvaises  pratiques li\u00e9es \u00e0 l&rsquo;utilisation de Maven (plus d&rsquo;excuse maintenant pour  faire des projets avec 40 modules et avec du AntRun partout!) puis  quelques exemples de use cases, comme la mise en \u0153uvre du plugin  Release, bien utile pour tout projet informatique.<br \/>\nL&rsquo;ambiance \u00e9tait  au rendez vous avec une centaine de personnes inscrites \u00e0 cet \u00e9v\u00e8nement.  Pour les plus motiv\u00e9s, nous avons pu finir la soir\u00e9e en mangeant une  bonne raclette.<br \/>\nSi vous avez rat\u00e9 cette soir\u00e9e, ne vous en faites  pas vous pouvez consulter les slides de la pr\u00e9sentation :<\/div>\n<div><strong style=\"display: block; margin: 12px 0 4px;\"><a title=\"Alpes Jug - Apache Maven\" href=\"http:\/\/www.slideshare.net\/aheritier\/alpes-jug-apache-maven\">Alpes Jug &#8211; Apache Maven<\/a><\/strong><object classid=\"clsid:d27cdb6e-ae6d-11cf-96b8-444553540000\" width=\"425\" height=\"355\" codebase=\"http:\/\/download.macromedia.com\/pub\/shockwave\/cabs\/flash\/swflash.cab#version=6,0,40,0\"><param name=\"allowFullScreen\" value=\"true\" \/><param name=\"allowScriptAccess\" value=\"always\" \/><param name=\"src\" value=\"http:\/\/static.slidesharecdn.com\/swf\/ssplayer2.swf?doc=20100329-alpesjug-maven-v0-100330025545-phpapp01&amp;rel=0&amp;stripped_title=alpes-jug-apache-maven\" \/><param name=\"allowfullscreen\" value=\"true\" \/><embed type=\"application\/x-shockwave-flash\" width=\"425\" height=\"355\" src=\"http:\/\/static.slidesharecdn.com\/swf\/ssplayer2.swf?doc=20100329-alpesjug-maven-v0-100330025545-phpapp01&amp;rel=0&amp;stripped_title=alpes-jug-apache-maven\" allowscriptaccess=\"always\" allowfullscreen=\"true\"><\/embed><\/object><\/div>\n<div id=\"__ss_3592401\" style=\"width: 425px;\">\n<div style=\"padding: 5px 0 12px;\">View more <a href=\"http:\/\/www.slideshare.net\/\">presentations<\/a> from <a href=\"http:\/\/www.slideshare.net\/aheritier\">Arnaud H\u00e9ritier<\/a>.<\/div>\n<\/div>\n<p>Voici aussi quelques photos prises durant la session :<a href=\"http:\/\/www.flickr.com\/photos\/ludovicpoitou\/sets\/72157623610003459\/\">Photos de Ludovic<\/a><\/p>\n","protected":false},"excerpt":{"rendered":"<p>L&rsquo;Alpes JUG accueillait hier soir Arnaud H\u00e9riter pour une soir\u00e9e sp\u00e9ciale Maven, sponsoris\u00e9e par notre partenaire Silverpeas. Arnaud, toujours aussi convainquant quand il nous parle de son outil pr\u00e9f\u00e9r\u00e9, avait tellement de choses \u00e0&#46;&#46;&#46;<\/p>\n","protected":false},"author":1,"featured_media":0,"comment_status":"open","ping_status":"open","sticky":false,"template":"","format":"standard","meta":{"footnotes":""},"categories":[15,18],"tags":[4,16,366,11],"class_list":["post-249","post","type-post","status-publish","format-standard","hentry","category-compte-rendu","category-slides","tag-jug","tag-maven","tag-slides","tag-soiree"],"_links":{"self":[{"href":"https:\/\/www.alpesjug.fr\/index.php?rest_route=\/wp\/v2\/posts\/249","targetHints":{"allow":["GET"]}}],"collection":[{"href":"https:\/\/www.alpesjug.fr\/index.php?rest_route=\/wp\/v2\/posts"}],"about":[{"href":"https:\/\/www.alpesjug.fr\/index.php?rest_route=\/wp\/v2\/types\/post"}],"author":[{"embeddable":true,"href":"https:\/\/www.alpesjug.fr\/index.php?rest_route=\/wp\/v2\/users\/1"}],"replies":[{"embeddable":true,"href":"https:\/\/www.alpesjug.fr\/index.php?rest_route=%2Fwp%2Fv2%2Fcomments&post=249"}],"version-history":[{"count":7,"href":"https:\/\/www.alpesjug.fr\/index.php?rest_route=\/wp\/v2\/posts\/249\/revisions"}],"predecessor-version":[{"id":253,"href":"https:\/\/www.alpesjug.fr\/index.php?rest_route=\/wp\/v2\/posts\/249\/revisions\/253"}],"wp:attachment":[{"href":"https:\/\/www.alpesjug.fr\/index.php?rest_route=%2Fwp%2Fv2%2Fmedia&parent=249"}],"wp:term":[{"taxonomy":"category","embeddable":true,"href":"https:\/\/www.alpesjug.fr\/index.php?rest_route=%2Fwp%2Fv2%2Fcategories&post=249"},{"taxonomy":"post_tag","embeddable":true,"href":"https:\/\/www.alpesjug.fr\/index.php?rest_route=%2Fwp%2Fv2%2Ftags&post=249"}],"curies":[{"name":"wp","href":"https:\/\/api.w.org\/{rel}","templated":true}]}}