{"id":2467,"date":"2014-05-05T08:14:25","date_gmt":"2014-05-05T06:14:25","guid":{"rendered":"http:\/\/www.alpesjug.fr\/?p=2467"},"modified":"2014-06-04T12:05:31","modified_gmt":"2014-06-04T10:05:31","slug":"java-8-de-linterieur-le-mardi-27-mai-2014","status":"publish","type":"post","link":"https:\/\/www.alpesjug.fr\/?p=2467","title":{"rendered":"Java 8 de l&rsquo;int\u00e9rieur &#8211; le Mardi 27 Mai 2014"},"content":{"rendered":"<p><strong>Le Mardi 27 Mai 2014 l&rsquo;AlpesJUG a le plaisir de vous inviter \u00e0 venir d\u00e9couvrir les arcanes de Java 8 et qui mieux que l&rsquo;un de ses d\u00e9veloppeurs pour nous les pr\u00e9senter.<\/strong><div id=\"attachment_2468\" style=\"width: 160px\" class=\"wp-caption alignleft\"><img loading=\"lazy\" decoding=\"async\" aria-describedby=\"caption-attachment-2468\" class=\"wp-image-2468 size-thumbnail\" src=\"http:\/\/www.alpesjug.fr\/wp-content\/uploads\/2014\/05\/java8-150x150.jpg\" alt=\"Java 8\" width=\"150\" height=\"150\" \/><p id=\"caption-attachment-2468\" class=\"wp-caption-text\">Java 8<\/p><\/div><\/p>\n<h2>Pr\u00e9sentation<\/h2>\n<p>La pr\u00e9sentation parlera des nouvelles fonctionnalit\u00e9s de Java 8, en se concentrant principalement sur les Lambda expressions\u00a0 et l&rsquo;API Stream qui profite de ces expressions mais elle sera aussi l&rsquo;occasion de discuter largement des autres fonctionnalit\u00e9s. Les questions seront fortement encourag\u00e9es et la meilleure se verra d\u00e9cerner un Raspberry Pi.<\/p>\n<h2>Le conf\u00e9rencier<\/h2>\n<p><img loading=\"lazy\" decoding=\"async\" class=\"alignright size-thumbnail wp-image-2469\" src=\"http:\/\/www.alpesjug.fr\/wp-content\/uploads\/2014\/05\/PaulSandoz-150x150.jpg\" alt=\"PaulSandoz\" width=\"150\" height=\"150\" \/>Ancien RESTerfarian qui a co-dirig\u00e9 JAX-RS et d\u00e9velopp\u00e9 son impl\u00e9mentation Jersey, avant de s&rsquo;envoler dans les nuages avec les abeilles travailleuses de CloudBees, et ensuite de revenir tel un boomerang chez Oracle et tout en bas de la pile Java pour travailler sur les Lambda, la modularit\u00e9 Java et le projet Jigsaw.<\/p>\n<h2>Infos et inscriptions :<\/h2>\n<div><strong>Inscriptions<\/strong> :<a href=\"https:\/\/plus.google.com\/u\/0\/events\/cp7tbnquai363vrhggimg14475g\"> https:\/\/plus.google.com\/u\/0\/events\/cp7tbnquai363vrhggimg14475g<\/a><\/div>\n<div>Cette soir\u00e9e se d\u00e9roulera sur le campus \u00e0 la\u00a0Maison Jean Kuntzman\u00a0le Mardi 27 Mai \u00e0 partir de 19h00.<\/div>\n<p><strong>Pour venir<\/strong> : <a href=\"https:\/\/maps.google.fr\/maps?expflags=enable_star_based_justifications:true&amp;ie=UTF8&amp;cid=13654738392765430246&amp;q=Maison+Jean+Kuntzmann&amp;iwloc=A&amp;gl=FR&amp;hl=fr\">Maison Jean Kuntzmann Universit\u00e9 Joseph Fourier Grenoble 3 38400 Gi\u00e8res <\/a><\/p>\n<p>&nbsp;<\/p>\n","protected":false},"excerpt":{"rendered":"<p>Le Mardi 27 Mai 2014 l&rsquo;AlpesJUG a le plaisir de vous inviter \u00e0 venir d\u00e9couvrir les arcanes de Java 8 et qui mieux que l&rsquo;un de ses d\u00e9veloppeurs pour nous les pr\u00e9senter. Pr\u00e9sentation La&#46;&#46;&#46;<\/p>\n","protected":false},"author":1,"featured_media":0,"comment_status":"open","ping_status":"open","sticky":false,"template":"","format":"standard","meta":{"footnotes":""},"categories":[14],"tags":[368,381,386,285,11,283],"class_list":["post-2467","post","type-post","status-publish","format-standard","hentry","category-annonce","tag-java","tag-java8","tag-lambda","tag-launch-event","tag-soiree","tag-stream-api"],"_links":{"self":[{"href":"https:\/\/www.alpesjug.fr\/index.php?rest_route=\/wp\/v2\/posts\/2467","targetHints":{"allow":["GET"]}}],"collection":[{"href":"https:\/\/www.alpesjug.fr\/index.php?rest_route=\/wp\/v2\/posts"}],"about":[{"href":"https:\/\/www.alpesjug.fr\/index.php?rest_route=\/wp\/v2\/types\/post"}],"author":[{"embeddable":true,"href":"https:\/\/www.alpesjug.fr\/index.php?rest_route=\/wp\/v2\/users\/1"}],"replies":[{"embeddable":true,"href":"https:\/\/www.alpesjug.fr\/index.php?rest_route=%2Fwp%2Fv2%2Fcomments&post=2467"}],"version-history":[{"count":5,"href":"https:\/\/www.alpesjug.fr\/index.php?rest_route=\/wp\/v2\/posts\/2467\/revisions"}],"predecessor-version":[{"id":2474,"href":"https:\/\/www.alpesjug.fr\/index.php?rest_route=\/wp\/v2\/posts\/2467\/revisions\/2474"}],"wp:attachment":[{"href":"https:\/\/www.alpesjug.fr\/index.php?rest_route=%2Fwp%2Fv2%2Fmedia&parent=2467"}],"wp:term":[{"taxonomy":"category","embeddable":true,"href":"https:\/\/www.alpesjug.fr\/index.php?rest_route=%2Fwp%2Fv2%2Fcategories&post=2467"},{"taxonomy":"post_tag","embeddable":true,"href":"https:\/\/www.alpesjug.fr\/index.php?rest_route=%2Fwp%2Fv2%2Ftags&post=2467"}],"curies":[{"name":"wp","href":"https:\/\/api.w.org\/{rel}","templated":true}]}}