{"id":2445,"date":"2014-04-09T10:53:49","date_gmt":"2014-04-09T08:53:49","guid":{"rendered":"http:\/\/www.alpesjug.fr\/?p=2445"},"modified":"2014-05-05T08:17:12","modified_gmt":"2014-05-05T06:17:12","slug":"youre-pretty-fly-for-a-wildfly-23-avrilt-2014","status":"publish","type":"post","link":"https:\/\/www.alpesjug.fr\/?p=2445","title":{"rendered":"You&rsquo;re pretty fly for a WildFly &#8211; 23 avril 2014"},"content":{"rendered":"<div class=\"Bt Pm\">\n<h3 class=\"Ct\">Le mercredi 23 avril 2014 \u00e0 12H<\/h3>\n<div class=\"Ct\">Orange et\u00a0 l\u2019Alpes JUG ont\u00a0 le plaisir de vous convier \u00e0 une pr\u00e9sentation du serveur d\u2019application JEE7 <a href=\"http:\/\/wildfly.org\">WildFly 8<\/a>.<\/div>\n<div class=\"Ct\">Deux membres fran\u00e7ais du projet seront pr\u00e9sents pour vous faire d\u00e9couvrir ce serveur d\u2019application ainsi que les derni\u00e8res nouveaut\u00e9s.<\/div>\n<div class=\"Ct\">Cette pr\u00e9sentation abordera aussi l&rsquo;\u00e9cosyst\u00e8me autour de WildFly permettant d&rsquo;am\u00e9liorer encore la productivit\u00e9.<\/div>\n<div class=\"Ct\">Parmi les sujets abord\u00e9s :\u00a0 <a href=\"http:\/\/www.alpesjug.fr\/wp-content\/uploads\/2014\/04\/wildfly_logomark.png\"><img loading=\"lazy\" decoding=\"async\" class=\"alignright size-thumbnail wp-image-2446\" alt=\"wildfly_logomark\" src=\"http:\/\/www.alpesjug.fr\/wp-content\/uploads\/2014\/04\/wildfly_logomark-150x150.png\" width=\"150\" height=\"150\" srcset=\"https:\/\/www.alpesjug.fr\/wp-content\/uploads\/2014\/04\/wildfly_logomark-150x150.png 150w, https:\/\/www.alpesjug.fr\/wp-content\/uploads\/2014\/04\/wildfly_logomark.png 256w\" sizes=\"auto, (max-width: 150px) 100vw, 150px\" \/><\/a><\/div>\n<div class=\"Ct\">\n<ul>\n<li>JBoss en mode dev<\/li>\n<li>Websockets (HTML5)<\/li>\n<li>Role-based access control (gestion de droits du container)<\/li>\n<li>Clustering<\/li>\n<li>Audit et Monitoring<\/li>\n<\/ul>\n<\/div>\n<div class=\"Ct\">Les deux membres du projet :<\/div>\n<div class=\"Ct\">\n<ul>\n<li>Jeff Mesnil : WildFly core developer <a href=\"https:\/\/twitter.com\/jmesnil\">@jmesnil<\/a><\/li>\n<li>Emmanuel Hugonnet : JBoss EAP developer <a href=\"https:\/\/twitter.com\/ehsavoie\">@ehsavoie<\/a><\/li>\n<\/ul>\n<\/div>\n<h3 class=\"Ct\">Informations<\/h3>\n<p>Plan d&rsquo;acc\u00e8s:<strong>\u00a0<\/strong> <a href=\"https:\/\/maps.google.fr\/maps?q=Orange+Labs&amp;client=ubuntu&amp;channel=fs&amp;oe=utf-8&amp;fb=1&amp;gl=fr&amp;cid=8451382217444420832&amp;t=m&amp;z=16&amp;iwloc=A\">https:\/\/maps.google.fr\/maps?q=Orange+Labs&amp;client=ubuntu&amp;channel=fs&amp;oe=utf-8&amp;fb=1&amp;gl=fr&amp;cid=8451382217444420832&amp;t=m&amp;z=16&amp;iwloc=A<\/a><br \/>\nInscriptions : <a href=\"https:\/\/plus.google.com\/u\/0\/events\/c9e3brjnt08ihf0qo15jnu1k1j4\">https:\/\/plus.google.com\/u\/0\/events\/c9e3brjnt08ihf0qo15jnu1k1j4<\/a><\/p>\n<div class=\"Ct\"><strong>Attention la conf\u00e9rence n&rsquo;a pas lieu en soir\u00e9e mais de 12H \u00e0 14H.<\/strong><\/div>\n<div class=\"Ct\"><strong>Pensez \u00e0 amener votre sandwich<\/strong><\/div>\n<\/div>\n","protected":false},"excerpt":{"rendered":"<p>Le mercredi 23 avril 2014 \u00e0 12H Orange et\u00a0 l\u2019Alpes JUG ont\u00a0 le plaisir de vous convier \u00e0 une pr\u00e9sentation du serveur d\u2019application JEE7 WildFly 8. Deux membres fran\u00e7ais du projet seront pr\u00e9sents pour&#46;&#46;&#46;<\/p>\n","protected":false},"author":1,"featured_media":0,"comment_status":"open","ping_status":"open","sticky":false,"template":"","format":"standard","meta":{"footnotes":""},"categories":[14],"tags":[368,369,23],"class_list":["post-2445","post","type-post","status-publish","format-standard","hentry","category-annonce","tag-java","tag-jboss","tag-jee"],"_links":{"self":[{"href":"https:\/\/www.alpesjug.fr\/index.php?rest_route=\/wp\/v2\/posts\/2445","targetHints":{"allow":["GET"]}}],"collection":[{"href":"https:\/\/www.alpesjug.fr\/index.php?rest_route=\/wp\/v2\/posts"}],"about":[{"href":"https:\/\/www.alpesjug.fr\/index.php?rest_route=\/wp\/v2\/types\/post"}],"author":[{"embeddable":true,"href":"https:\/\/www.alpesjug.fr\/index.php?rest_route=\/wp\/v2\/users\/1"}],"replies":[{"embeddable":true,"href":"https:\/\/www.alpesjug.fr\/index.php?rest_route=%2Fwp%2Fv2%2Fcomments&post=2445"}],"version-history":[{"count":11,"href":"https:\/\/www.alpesjug.fr\/index.php?rest_route=\/wp\/v2\/posts\/2445\/revisions"}],"predecessor-version":[{"id":2461,"href":"https:\/\/www.alpesjug.fr\/index.php?rest_route=\/wp\/v2\/posts\/2445\/revisions\/2461"}],"wp:attachment":[{"href":"https:\/\/www.alpesjug.fr\/index.php?rest_route=%2Fwp%2Fv2%2Fmedia&parent=2445"}],"wp:term":[{"taxonomy":"category","embeddable":true,"href":"https:\/\/www.alpesjug.fr\/index.php?rest_route=%2Fwp%2Fv2%2Fcategories&post=2445"},{"taxonomy":"post_tag","embeddable":true,"href":"https:\/\/www.alpesjug.fr\/index.php?rest_route=%2Fwp%2Fv2%2Ftags&post=2445"}],"curies":[{"name":"wp","href":"https:\/\/api.w.org\/{rel}","templated":true}]}}