{"id":2323,"date":"2014-01-10T11:45:13","date_gmt":"2014-01-10T09:45:13","guid":{"rendered":"http:\/\/www.alpesjug.fr\/?p=2323"},"modified":"2014-01-31T10:58:56","modified_gmt":"2014-01-31T08:58:56","slug":"what-the-fold-avec-olivier-croisier-le-23-janvier","status":"publish","type":"post","link":"https:\/\/www.alpesjug.fr\/?p=2323","title":{"rendered":"\u00ab\u00a0What the fold? \u00a0\u00bb avec Olivier Croisier le Jeudi 23 Janvier 2014"},"content":{"rendered":"<h1>Venez d\u00e9couvrir le concept de Fold\u00a0 !<\/h1>\n<div>\n<p><a href=\"http:\/\/www.alpesjug.fr\/wp-content\/uploads\/2014\/01\/scottish-fold-cat-7.jpg\"><img loading=\"lazy\" decoding=\"async\" class=\"alignright size-medium wp-image-2337\" alt=\"What the fold ?\" src=\"http:\/\/www.alpesjug.fr\/wp-content\/uploads\/2014\/01\/scottish-fold-cat-7-300x225.jpg\" width=\"300\" height=\"225\" srcset=\"https:\/\/www.alpesjug.fr\/wp-content\/uploads\/2014\/01\/scottish-fold-cat-7-300x225.jpg 300w, https:\/\/www.alpesjug.fr\/wp-content\/uploads\/2014\/01\/scottish-fold-cat-7-150x112.jpg 150w, https:\/\/www.alpesjug.fr\/wp-content\/uploads\/2014\/01\/scottish-fold-cat-7-400x300.jpg 400w, https:\/\/www.alpesjug.fr\/wp-content\/uploads\/2014\/01\/scottish-fold-cat-7.jpg 1024w\" sizes=\"auto, (max-width: 300px) 100vw, 300px\" \/><\/a>H\u00e9rit\u00e9 de la programmation fonctionnelle, le Fold abstrait l\u2019it\u00e9ration sur vos structures de donn\u00e9es, et am\u00e9liore l\u2019expressivit\u00e9 de votre code. Avec de vrais bouts de Java 8 et une pinc\u00e9e de Haskell !<\/p>\n<h2>Conf\u00e9rencier<\/h2>\n<p><strong>Olivier Croisier<\/strong> est expert Java chez Zenika. Il est certifi\u00e9 Java 5.0 avec 100%, Spring 2.5 avec 86% et est formateur certifi\u00e9 Terracotta.<\/p>\n<p>Olivier a notamment obtenu le titre de Certified JavaSpecialist Master Course Instructor de la part d&rsquo;Heinz Kabutz, devenant ainsi le formateur <a href=\"http:\/\/www.javaspecialists.eu\">JavaSpecialist<\/a> de r\u00e9f\u00e9rence en France. Il est \u00e9galement l&rsquo;auteur du blog <a href=\"http:\/\/thecodersbreakfast.net\/\">The Coder&rsquo;s Breakfast<\/a>.<\/p>\n<h2>Infos et inscriptions :<\/h2>\n<div><strong>Inscriptions<\/strong> : <a href=\"http:\/\/www.jugevents.org\/jugevents\/event\/53033\" target=\"_blank\">http:\/\/www.jugevents.org\/jugevents\/event\/53033<\/a><\/div>\n<div>Cette soir\u00e9e se d\u00e9roulera sur le campus \u00e0 la\u00a0Maison Jean Kuntzman\u00a0le Jeudi 23 Janvier \u00e0 partir de 19h30.<\/div>\n<div><strong>Pour venir<\/strong> : <a href=\"https:\/\/maps.google.fr\/maps?expflags=enable_star_based_justifications:true&amp;ie=UTF8&amp;cid=13654738392765430246&amp;q=Maison+Jean+Kuntzmann&amp;iwloc=A&amp;gl=FR&amp;hl=fr\">Maison Jean Kuntzmann Universit\u00e9 Joseph Fourier Grenoble 3 38400 Gi\u00e8res <\/a><\/div>\n<\/div>\n","protected":false},"excerpt":{"rendered":"<p>Venez d\u00e9couvrir le concept de Fold\u00a0 ! H\u00e9rit\u00e9 de la programmation fonctionnelle, le Fold abstrait l\u2019it\u00e9ration sur vos structures de donn\u00e9es, et am\u00e9liore l\u2019expressivit\u00e9 de votre code. Avec de vrais bouts de Java 8&#46;&#46;&#46;<\/p>\n","protected":false},"author":1,"featured_media":0,"comment_status":"open","ping_status":"open","sticky":false,"template":"","format":"standard","meta":{"footnotes":""},"categories":[14],"tags":[370,29,368,381,20,11],"class_list":["post-2323","post","type-post","status-publish","format-standard","hentry","category-annonce","tag-code","tag-groovy","tag-java","tag-java8","tag-scala","tag-soiree"],"_links":{"self":[{"href":"https:\/\/www.alpesjug.fr\/index.php?rest_route=\/wp\/v2\/posts\/2323","targetHints":{"allow":["GET"]}}],"collection":[{"href":"https:\/\/www.alpesjug.fr\/index.php?rest_route=\/wp\/v2\/posts"}],"about":[{"href":"https:\/\/www.alpesjug.fr\/index.php?rest_route=\/wp\/v2\/types\/post"}],"author":[{"embeddable":true,"href":"https:\/\/www.alpesjug.fr\/index.php?rest_route=\/wp\/v2\/users\/1"}],"replies":[{"embeddable":true,"href":"https:\/\/www.alpesjug.fr\/index.php?rest_route=%2Fwp%2Fv2%2Fcomments&post=2323"}],"version-history":[{"count":4,"href":"https:\/\/www.alpesjug.fr\/index.php?rest_route=\/wp\/v2\/posts\/2323\/revisions"}],"predecessor-version":[{"id":2338,"href":"https:\/\/www.alpesjug.fr\/index.php?rest_route=\/wp\/v2\/posts\/2323\/revisions\/2338"}],"wp:attachment":[{"href":"https:\/\/www.alpesjug.fr\/index.php?rest_route=%2Fwp%2Fv2%2Fmedia&parent=2323"}],"wp:term":[{"taxonomy":"category","embeddable":true,"href":"https:\/\/www.alpesjug.fr\/index.php?rest_route=%2Fwp%2Fv2%2Fcategories&post=2323"},{"taxonomy":"post_tag","embeddable":true,"href":"https:\/\/www.alpesjug.fr\/index.php?rest_route=%2Fwp%2Fv2%2Ftags&post=2323"}],"curies":[{"name":"wp","href":"https:\/\/api.w.org\/{rel}","templated":true}]}}