{"id":2193,"date":"2013-09-06T16:49:09","date_gmt":"2013-09-06T14:49:09","guid":{"rendered":"http:\/\/www.alpesjug.fr\/?p=2193"},"modified":"2013-09-23T23:22:50","modified_gmt":"2013-09-23T21:22:50","slug":"soiree-dart-et-web-components-le-18-septembre-avec-vincent-bostoen","status":"publish","type":"post","link":"https:\/\/www.alpesjug.fr\/?p=2193","title":{"rendered":"Soir\u00e9e Dart et Web Components le 18 Septembre"},"content":{"rendered":"<p>Le 18 Septembre, Vincent Bostoen nous parlera du langage Dart (made in Google) et des Web Components.<\/p>\n<p>Aujourd\u2019hui, pour cr\u00e9er une application Web dynamique, on a le choix entre une multitude de frameworks JavaScript, mais aussi une multitude de langages qui compilent vers JavaScript.<br \/>\nIl est m\u00eame possible de combiner ces technologies, parfois avec un certain manque de coh\u00e9rence.<br \/>\nDart approche de sa version 1.0 et propose d\u00e9j\u00e0 des solutions pour cr\u00e9er des applications Web structur\u00e9es et performantes.<br \/>\nAu cours de cette pr\u00e9sentation, nous ferons le tour du langage et de son \u00e9cosyst\u00e8me au travers d&rsquo;exemples de code et de d\u00e9mos.<br \/>\nDart se veut \u00e9galement pr\u00e9curseur, c&rsquo;est pourquoi il s&rsquo;int\u00e8gre d&rsquo;ores et d\u00e9j\u00e0 avec un certain nombre de standards du Web en cours d&rsquo;impl\u00e9mentation.<br \/>\nNous verrons donc comment il permet d&rsquo;exploiter le potentiel des Web Components, notamment au travers de l&rsquo;utilisation de Polymer.<br \/>\nAttention, apr\u00e8s cette pr\u00e9sentation, vous risquez de vous poser des questions avant d&rsquo;\u00e9crire votre prochaine ligne de JavaScript.<\/p>\n<p>Infos et inscriptions : <a href=\"http:\/\/www.jugevents.org\/jugevents\/event\/51549\">http:\/\/www.jugevents.org\/jugevents\/event\/51549<\/a><\/p>\n<p>A propos du speaker : Vincent Bostoen est d\u00e9veloppeur chez Thales Services. Il suit avec int\u00e9r\u00eat la dynamique autour de Dart et contribue notamment \u00e0 la page Google + fran\u00e7aise sur le sujet : <a href=\"http:\/\/gplus.to\/dartlangfr\">gplus.to\/dartlangfr<\/a>.<\/p>\n","protected":false},"excerpt":{"rendered":"<p>Le 18 Septembre, Vincent Bostoen nous parlera du langage Dart (made in Google) et des Web Components. Aujourd\u2019hui, pour cr\u00e9er une application Web dynamique, on a le choix entre une multitude de frameworks JavaScript,&#46;&#46;&#46;<\/p>\n","protected":false},"author":1,"featured_media":0,"comment_status":"open","ping_status":"open","sticky":false,"template":"","format":"standard","meta":{"footnotes":""},"categories":[1],"tags":[],"class_list":["post-2193","post","type-post","status-publish","format-standard","hentry","category-non-classe"],"_links":{"self":[{"href":"https:\/\/www.alpesjug.fr\/index.php?rest_route=\/wp\/v2\/posts\/2193","targetHints":{"allow":["GET"]}}],"collection":[{"href":"https:\/\/www.alpesjug.fr\/index.php?rest_route=\/wp\/v2\/posts"}],"about":[{"href":"https:\/\/www.alpesjug.fr\/index.php?rest_route=\/wp\/v2\/types\/post"}],"author":[{"embeddable":true,"href":"https:\/\/www.alpesjug.fr\/index.php?rest_route=\/wp\/v2\/users\/1"}],"replies":[{"embeddable":true,"href":"https:\/\/www.alpesjug.fr\/index.php?rest_route=%2Fwp%2Fv2%2Fcomments&post=2193"}],"version-history":[{"count":7,"href":"https:\/\/www.alpesjug.fr\/index.php?rest_route=\/wp\/v2\/posts\/2193\/revisions"}],"predecessor-version":[{"id":2201,"href":"https:\/\/www.alpesjug.fr\/index.php?rest_route=\/wp\/v2\/posts\/2193\/revisions\/2201"}],"wp:attachment":[{"href":"https:\/\/www.alpesjug.fr\/index.php?rest_route=%2Fwp%2Fv2%2Fmedia&parent=2193"}],"wp:term":[{"taxonomy":"category","embeddable":true,"href":"https:\/\/www.alpesjug.fr\/index.php?rest_route=%2Fwp%2Fv2%2Fcategories&post=2193"},{"taxonomy":"post_tag","embeddable":true,"href":"https:\/\/www.alpesjug.fr\/index.php?rest_route=%2Fwp%2Fv2%2Ftags&post=2193"}],"curies":[{"name":"wp","href":"https:\/\/api.w.org\/{rel}","templated":true}]}}