{"id":187,"date":"2010-03-01T16:32:29","date_gmt":"2010-03-01T15:32:29","guid":{"rendered":"http:\/\/www.alpesjug.fr\/?p=187"},"modified":"2010-03-23T22:59:38","modified_gmt":"2010-03-23T21:59:38","slug":"2eme-soiree-alpesjug-maven-pour-construire-vos-applications-dentreprise","status":"publish","type":"post","link":"https:\/\/www.alpesjug.fr\/?p=187","title":{"rendered":"2\u00e8me soir\u00e9e AlpesJug : Maven pour construire vos applications d&rsquo;entreprise"},"content":{"rendered":"<h2>La soir\u00e9e<\/h2>\n<p>Arnaud H\u00e9ritier, membre des communaut\u00e9s <a href=\"http:\/\/maven.apache.org\">Apache Maven<\/a> et <a href=\"http:\/\/mojo.codehaus.org\">Codehaus Mojo<\/a>, et auteur du c\u00e9l\u00e8bre <a href=\"http:\/\/www.pearson.fr\/livre\/?GCOI=27440100730370\">Apache Maven<\/a>, vient nous parler de l\u2019utilisation de Maven en entreprise et des nouveaut\u00e9s de la version 3.x.<div id=\"attachment_20\" style=\"width: 120px\" class=\"wp-caption alignright\"><a href=\"http:\/\/www.alpesjug.fr\/wp-content\/uploads\/2009\/12\/9782744023378.gif\"><img loading=\"lazy\" decoding=\"async\" aria-describedby=\"caption-attachment-20\" src=\"http:\/\/www.alpesjug.fr\/wp-content\/uploads\/2009\/12\/9782744023378.gif\" alt=\"\" title=\"Apache Maven\" width=\"110\" height=\"135\" class=\"size-full wp-image-20\" \/><\/a><p id=\"caption-attachment-20\" class=\"wp-caption-text\">Livre d'Arnaud H\u00e9ritier et Nicolas de Loof<\/p><\/div><br \/>\nSoftware Factory Manager pour <a href=\"http:\/\/www.exoplatform.com\/\">eXo Platform<\/a>, Arnaud nous pr\u00e9sentera <strong>son retour d\u2019exp\u00e9rience de l\u2019utilisation de Maven dans une forge logicielle professionnelle<\/strong> : ce que Maven apporte \u00e0 chaque \u00e9tape de la construction d\u2019un logiciel.<br \/>\nNous aborderons ainsi successivement comment maven intervient pour chacune de ces \u00e9tapes:<\/p>\n<ul>\n<li>le build du projet sur le poste du d\u00e9veloppeur<\/li>\n<li>la gestion des d\u00e9pendances et des d\u00e9p\u00f4ts<\/li>\n<li>la mise en place de l\u2019int\u00e9gration continue<\/li>\n<li>l\u2019utilisation des m\u00e9triques et des rapports de qualit\u00e9<\/li>\n<li>le d\u00e9ploiement continu<\/li>\n<\/ul>\n<p>Pr\u00e9parez vos <a href=\"http:\/\/ant.apache.org\">Ant <\/a>et vos <a href=\"http:\/\/www.gradle.org\/\">Gradle<\/a> car Arnaud arm\u00e9 de son Maven est un vrai berserker \ud83d\ude42<\/p>\n<h2>L&rsquo;intervenant<\/h2>\n<p><div id=\"attachment_191\" style=\"width: 83px\" class=\"wp-caption alignleft\"><a href=\"http:\/\/www.alpesjug.fr\/wp-content\/uploads\/2010\/03\/pictureSpeaker.jpeg\"><img loading=\"lazy\" decoding=\"async\" aria-describedby=\"caption-attachment-191\" src=\"http:\/\/www.alpesjug.fr\/wp-content\/uploads\/2010\/03\/pictureSpeaker.jpeg\" alt=\"Arnaud H\u00e9ritier\" title=\"ArnaudH\u00e9ritier\" width=\"73\" height=\"73\" class=\"size-full wp-image-191\" \/><\/a><p id=\"caption-attachment-191\" class=\"wp-caption-text\">Arnaud H\u00e9ritier<\/p><\/div> Je me nomme <a href=\"http:\/\/blog.aheritier.net\/\">Arnaud H\u00e9ritier<\/a> et je suis Software Factory Manager chez <a href=\"http:\/\/www.exoplatform.com\/\">eXo Platform<\/a>. Je suis en charge des m\u00e9thodes et outils de cet \u00e9diteur de logiciels afin d\u2019am\u00e9liorer la qualit\u00e9 des produits, et la productivit\u00e9 des \u00e9quipes, en interne mais aussi chez nos int\u00e9grateurs et clients.<br \/>\nPassionn\u00e9 par le d\u00e9veloppement de logiciels j\u2019ai rejoins en 2004 la communaut\u00e9 Open Source du projet <a href=\"http:\/\/maven.apache.org\/\">Apache Maven<\/a>. Je suis ensuite rentr\u00e9 dans son comit\u00e9 de direction en 2005. Je participe actuellement \u00e0 la r\u00e9daction d\u2019un ouvrage sur le sujet en Fran\u00e7ais avec un autre membre du projet : <a href=\"http:\/\/blog.loof.fr\/\">Nicolas de Loof<\/a>.<br \/>\nJe participe d\u00e8s que possible aux \u00e9v\u00e9nements communautaires pour partager ma passion (Java Users Groups, Java BarCamps, \u2026).<br \/>\nJe viens de publier avec quelques ex-coll\u00e8gues un livre blanc chez <a href=\"http:\/\/www.octo.com\/\">OCTO Technology<\/a> : Java Productivity Primer, Twelve guidelines to boost your productivity with a software factory. Ce dernier est disponible gratuitement en t\u00e9l\u00e9chargement en <a href=\"http:\/\/www.octo.com\/com\/com_Java-Productivity-Primer-livre-blanc-octo.html\">Fran\u00e7ais<\/a> et en <a href=\"http:\/\/www.octo.com\/com\/com_Java-Productivity-Primer-white-paper-octo.html\">Anglais<\/a>.<\/p>\n<h2>Les inscriptions<\/h2>\n<p><a href=\"http:\/\/www.jugevents.org\/jugevents\/event\/24851\">Les inscriptions se d\u00e9roulent ici <\/a>, d\u00e9p\u00eachez vous il n&rsquo;y aura peut \u00eatre pas de places pour tout le monde!<br \/>\nPour ajouter l&rsquo;\u00e9v\u00e8nement \u00e0 votre agenda : <a href=\"https:\/\/www.google.com\/calendar\/event?action=TEMPLATE&#038;hl=fr&#038;text=Maven%203&#038;dates=20100329%2F20100330&#038;location=&#038;ctz=Europe%2FParis&#038;details=Arnaud%20H%C3%A9ritir%20vient%20nous%20pr%C3%A9senter%20Maven%203%20et%20son%20livre\" target=\"_blank\"><img decoding=\"async\" src=\"http:\/\/www.google.com\/calendar\/images\/ext\/gc_button1_fr.gif\" border=\"0\" alt=\"\" \/><\/a><br \/>\nRendez-vous donc le 29 Marsr 2010 \u00e0 partir de <strong>18H30<\/strong> dans l&rsquo;<strong>ENSIMAG<\/strong> dans l&rsquo;amphith\u00e9atre E <a href=\"http:\/\/ensimag.grenoble-inp.fr\/adminsite\/photo.jsp?ID_PHOTO=1200660700685\">Plan d&rsquo;acc\u00e8s<\/a>.<br \/>\nLa conf\u00e9rence d\u00e9butera \u00e0 <strong>19H00<\/strong>.<br \/>\n<div id=\"attachment_210\" style=\"width: 310px\" class=\"wp-caption aligncenter\"><a href=\"http:\/\/www.silverpeas.com\"><img loading=\"lazy\" decoding=\"async\" aria-describedby=\"caption-attachment-210\" src=\"http:\/\/www.alpesjug.fr\/wp-content\/uploads\/2010\/03\/logo_silverpeas-300x185.jpg\" alt=\"Silverpeas\" title=\"Silverpeas\" width=\"300\" height=\"185\" class=\"size-medium wp-image-210\" srcset=\"https:\/\/www.alpesjug.fr\/wp-content\/uploads\/2010\/03\/logo_silverpeas-300x185.jpg 300w, https:\/\/www.alpesjug.fr\/wp-content\/uploads\/2010\/03\/logo_silverpeas.jpg 600w\" sizes=\"auto, (max-width: 300px) 100vw, 300px\" \/><\/a><p id=\"caption-attachment-210\" class=\"wp-caption-text\">Silverpeas - sponsor de la soir\u00e9e<\/p><\/div><\/p>\n<h3>ATTENTION la conf\u00e9rence aura lieu \u00e0 l&rsquo;ENSIMAG, amphith\u00e9atre E<\/h3>\n","protected":false},"excerpt":{"rendered":"<p>La soir\u00e9e Arnaud H\u00e9ritier, membre des communaut\u00e9s Apache Maven et Codehaus Mojo, et auteur du c\u00e9l\u00e8bre Apache Maven, vient nous parler de l\u2019utilisation de Maven en entreprise et des nouveaut\u00e9s de la version 3.x.&#46;&#46;&#46;<\/p>\n","protected":false},"author":1,"featured_media":0,"comment_status":"open","ping_status":"open","sticky":false,"template":"","format":"standard","meta":{"footnotes":""},"categories":[14],"tags":[4,16,11],"class_list":["post-187","post","type-post","status-publish","format-standard","hentry","category-annonce","tag-jug","tag-maven","tag-soiree"],"_links":{"self":[{"href":"https:\/\/www.alpesjug.fr\/index.php?rest_route=\/wp\/v2\/posts\/187","targetHints":{"allow":["GET"]}}],"collection":[{"href":"https:\/\/www.alpesjug.fr\/index.php?rest_route=\/wp\/v2\/posts"}],"about":[{"href":"https:\/\/www.alpesjug.fr\/index.php?rest_route=\/wp\/v2\/types\/post"}],"author":[{"embeddable":true,"href":"https:\/\/www.alpesjug.fr\/index.php?rest_route=\/wp\/v2\/users\/1"}],"replies":[{"embeddable":true,"href":"https:\/\/www.alpesjug.fr\/index.php?rest_route=%2Fwp%2Fv2%2Fcomments&post=187"}],"version-history":[{"count":25,"href":"https:\/\/www.alpesjug.fr\/index.php?rest_route=\/wp\/v2\/posts\/187\/revisions"}],"predecessor-version":[{"id":248,"href":"https:\/\/www.alpesjug.fr\/index.php?rest_route=\/wp\/v2\/posts\/187\/revisions\/248"}],"wp:attachment":[{"href":"https:\/\/www.alpesjug.fr\/index.php?rest_route=%2Fwp%2Fv2%2Fmedia&parent=187"}],"wp:term":[{"taxonomy":"category","embeddable":true,"href":"https:\/\/www.alpesjug.fr\/index.php?rest_route=%2Fwp%2Fv2%2Fcategories&post=187"},{"taxonomy":"post_tag","embeddable":true,"href":"https:\/\/www.alpesjug.fr\/index.php?rest_route=%2Fwp%2Fv2%2Ftags&post=187"}],"curies":[{"name":"wp","href":"https:\/\/api.w.org\/{rel}","templated":true}]}}