{"id":1840,"date":"2013-02-08T13:57:19","date_gmt":"2013-02-08T11:57:19","guid":{"rendered":"http:\/\/www.alpesjug.fr\/?p=1840"},"modified":"2013-02-21T18:40:29","modified_gmt":"2013-02-21T16:40:29","slug":"soiree-elasticsearch-et-apache-solr-le-mardi-19-fevrier-2013","status":"publish","type":"post","link":"https:\/\/www.alpesjug.fr\/?p=1840","title":{"rendered":"Soir\u00e9e ElasticSearch et Apache Solr le mardi 19 F\u00e9vrier 2013"},"content":{"rendered":"<p>Cette soir\u00e9e est faite pour vous si :<\/p>\n<ul>\n<li>Vous utilisez encore des requ\u00eates SQL pour faire des recherches<\/li>\n<li>Vos utilisateurs vous reprochent de ne pas pouvoir chercher sur toutes les rubriques<\/li>\n<li>Votre temps de r\u00e9ponse moyen est sup\u00e9rieur \u00e0 la demi-seconde avec seulement quelques millions de documents<\/li>\n<li>Il vous faut 3 jours pour produire des statistiques sur vos donn\u00e9es<\/li>\n<li>Vous r\u00eavez d\u2019offrir une recherche \u00ab\u00a0\u00e0 la google\u00a0\u00bb sur les donn\u00e9es de votre SI<\/li>\n<\/ul>\n<h1><\/h1>\n<h1>Apache Solr par Andr\u00e9 Bois-Crettez<\/h1>\n<p><a href=\"http:\/\/lucene.apache.org\/solr\"><img loading=\"lazy\" decoding=\"async\" class=\"alignright size-full wp-image-1845\" title=\"Apache Solr\" src=\"http:\/\/www.alpesjug.fr\/wp-content\/uploads\/2013\/02\/solr.png\" alt=\"\" width=\"283\" height=\"156\" srcset=\"https:\/\/www.alpesjug.fr\/wp-content\/uploads\/2013\/02\/solr.png 283w, https:\/\/www.alpesjug.fr\/wp-content\/uploads\/2013\/02\/solr-150x82.png 150w\" sizes=\"auto, (max-width: 283px) 100vw, 283px\" \/><\/a><a title=\"Apache Solr\" href=\"http:\/\/lucene.apache.org\/solr\/\" target=\"_blank\">Apache Solr<\/a> est une plateforme de recherche plein texte open source. Elle propose une API de type REST (HTTP en XML ou JSON).<br \/>\n<a href=\"http:\/\/www.alpesjug.fr\/wp-content\/uploads\/2013\/02\/boisa.png\"><img loading=\"lazy\" decoding=\"async\" class=\"alignleft size-thumbnail wp-image-1853\" title=\"Eric Bois-Crettez\" src=\"http:\/\/www.alpesjug.fr\/wp-content\/uploads\/2013\/02\/boisa-150x150.png\" alt=\"\" width=\"150\" height=\"150\" \/><\/a>Bas\u00e9e sur le moteur de recherche Apache Lucene, elle est simple \u00e0 d\u00e9ployer et \u00e0 configurer pour d\u00e9marrer rapidement.<br \/>\nDurant cette session, nous \u00e9voquerons les possibilit\u00e9s de param\u00e9trage avanc\u00e9es et les cas d&rsquo;utilisation, tant pour indexer un gros corpus de texte, que pour des applications en contexte Big Data, ou m\u00eame des besoins NLP (<a href=\"http:\/\/en.wikipedia.org\/wiki\/Natural_language_processing\" target=\"_blank\">Natural Language Processing<\/a>) sp\u00e9cifiques.<\/p>\n<h2>Le conf\u00e9rencier :<\/h2>\n<p>Andr\u00e9 Bois-Crettez est Search enginer chez Kelkoo<\/p>\n<h1>ElasticSearch par Tanguy Leroux<\/h1>\n<p><a href=\"http:\/\/www.elasticsearch.org\"><img loading=\"lazy\" decoding=\"async\" class=\"alignright size-medium wp-image-1847\" title=\"ElasticSearch\" src=\"http:\/\/www.alpesjug.fr\/wp-content\/uploads\/2013\/02\/elasticsearch-300x93.png\" alt=\"\" width=\"300\" height=\"93\" srcset=\"https:\/\/www.alpesjug.fr\/wp-content\/uploads\/2013\/02\/elasticsearch-300x93.png 300w, https:\/\/www.alpesjug.fr\/wp-content\/uploads\/2013\/02\/elasticsearch-150x46.png 150w, https:\/\/www.alpesjug.fr\/wp-content\/uploads\/2013\/02\/elasticsearch-400x124.png 400w, https:\/\/www.alpesjug.fr\/wp-content\/uploads\/2013\/02\/elasticsearch.png 599w\" sizes=\"auto, (max-width: 300px) 100vw, 300px\" \/><\/a>Venez d\u00e9couvrir, pourquoi <a href=\"http:\/\/www.elasticsearch.org\/\">Elasticsearch<\/a> est le moteur de recherche open source qui fait le plus parler de lui en ce moment! De plus en plus utilis\u00e9 en entreprise, Elasticsearch permet d&rsquo;indexer dans le Cloud de tr\u00e8s gros volumes de donn\u00e9es et d&rsquo;y rechercher une information en un temps record.<br \/>\nIntitul\u00e9e <strong>\u00ab\u00a0Why elasticsearch rocks\u00a0\u00bb<\/strong>, cette pr\u00e9sentation permettra de d\u00e9couvrir les principales fonctionnalit\u00e9s d&rsquo;Elasticsearch ainsi que les diff\u00e9rents aspects qui en font un outil vraiment diff\u00e9rent des autres moteur de recherche.<br \/>\nEn se basant sur des exemples concrets &#8211; certains r\u00e9alis\u00e9s en live &#8211; et des retours d&rsquo;exp\u00e9rience terrain, cette soir\u00e9e sera aussi l&rsquo;occasion d&rsquo;acqu\u00e9rir les connaissances n\u00e9cessaires pour commencer \u00e0 utiliser et \u00e0 s&rsquo;amuser avec Elasticsearch!<br \/>\n<a href=\"http:\/\/www.alpesjug.fr\/wp-content\/uploads\/2013\/02\/tanguy.jpeg\"><img loading=\"lazy\" decoding=\"async\" class=\"alignleft size-thumbnail wp-image-1859\" title=\"Tanguy Leroux\" src=\"http:\/\/www.alpesjug.fr\/wp-content\/uploads\/2013\/02\/tanguy-150x150.jpeg\" alt=\"\" width=\"150\" height=\"150\" srcset=\"https:\/\/www.alpesjug.fr\/wp-content\/uploads\/2013\/02\/tanguy-150x150.jpeg 150w, https:\/\/www.alpesjug.fr\/wp-content\/uploads\/2013\/02\/tanguy.jpeg 256w\" sizes=\"auto, (max-width: 150px) 100vw, 150px\" \/><\/a><\/p>\n<h2>Le conf\u00e9rencier :<\/h2>\n<p><a href=\"http:\/\/www.zenika.com\/Formation\/formateurs.html#tanguy_leroux\">Tanguy Leroux<\/a> est Architecte Java EE Senior au sein de l&rsquo;agence lyonnaise de Zenika (@tlrx). Sa contribution technique \u00e0 de nombreux projets web l&rsquo;a amen\u00e9 \u00e0 s\u2019int\u00e9resser \u00e0 la fois aux probl\u00e9matiques back-office et front-office. Entre autres Formateur Hibernate, GWT et Elasticsearch, Tanguy s&rsquo;int\u00e9resse particuli\u00e8rement aux moteurs de recherche (Elasticsearch, SolR, Lucene&#8230;) ainsi qu&rsquo;aux projets Apache Mahout, Spring et PhoneGap.<\/p>\n<h1><\/h1>\n<h1>Inscriptions et informations<\/h1>\n<p>Comme toujours les inscriptions se font sur <a title=\"JugEvents\" href=\"http:\/\/www.jugevents.org\/jugevents\/event\/49187\">JugEvents<\/a>.<\/p>\n<p>Venez nombreux le mardi 19\/02\/2013 \u00e0 partir de 19h chez SUPINFO Grenoble \u2013 16 rue Henri Barbusse, 38000 Grenoble <a href=\"http:\/\/maps.google.com\/maps?f=q&amp;source=s_q&amp;hl=en&amp;g=228+Cours+Lib%C3%A9ration+G%C3%A9n+de+Gaulle%2C+38000+Grenoble%2C+France&amp;q=16+rue+Henri+Barbusse+Grenoble&amp;btnG=Search+Maps\">Carte<\/a><br \/>\n<strong>A mardi 19 F\u00e9vrier \u00e0 partir de 19h.<\/strong><\/p>\n","protected":false},"excerpt":{"rendered":"<p>Cette soir\u00e9e est faite pour vous si : Vous utilisez encore des requ\u00eates SQL pour faire des recherches Vos utilisateurs vous reprochent de ne pas pouvoir chercher sur toutes les rubriques Votre temps de&#46;&#46;&#46;<\/p>\n","protected":false},"author":1,"featured_media":0,"comment_status":"open","ping_status":"open","sticky":false,"template":"","format":"standard","meta":{"footnotes":""},"categories":[1],"tags":[154,368,53,28,155,153,11],"class_list":["post-1840","post","type-post","status-publish","format-standard","hentry","category-non-classe","tag-indexation","tag-java","tag-opensource","tag-rest","tag-search","tag-semantic","tag-soiree"],"_links":{"self":[{"href":"https:\/\/www.alpesjug.fr\/index.php?rest_route=\/wp\/v2\/posts\/1840","targetHints":{"allow":["GET"]}}],"collection":[{"href":"https:\/\/www.alpesjug.fr\/index.php?rest_route=\/wp\/v2\/posts"}],"about":[{"href":"https:\/\/www.alpesjug.fr\/index.php?rest_route=\/wp\/v2\/types\/post"}],"author":[{"embeddable":true,"href":"https:\/\/www.alpesjug.fr\/index.php?rest_route=\/wp\/v2\/users\/1"}],"replies":[{"embeddable":true,"href":"https:\/\/www.alpesjug.fr\/index.php?rest_route=%2Fwp%2Fv2%2Fcomments&post=1840"}],"version-history":[{"count":20,"href":"https:\/\/www.alpesjug.fr\/index.php?rest_route=\/wp\/v2\/posts\/1840\/revisions"}],"predecessor-version":[{"id":1868,"href":"https:\/\/www.alpesjug.fr\/index.php?rest_route=\/wp\/v2\/posts\/1840\/revisions\/1868"}],"wp:attachment":[{"href":"https:\/\/www.alpesjug.fr\/index.php?rest_route=%2Fwp%2Fv2%2Fmedia&parent=1840"}],"wp:term":[{"taxonomy":"category","embeddable":true,"href":"https:\/\/www.alpesjug.fr\/index.php?rest_route=%2Fwp%2Fv2%2Fcategories&post=1840"},{"taxonomy":"post_tag","embeddable":true,"href":"https:\/\/www.alpesjug.fr\/index.php?rest_route=%2Fwp%2Fv2%2Ftags&post=1840"}],"curies":[{"name":"wp","href":"https:\/\/api.w.org\/{rel}","templated":true}]}}