{"id":1212,"date":"2012-09-20T11:05:13","date_gmt":"2012-09-20T10:05:13","guid":{"rendered":"http:\/\/www.alpesjug.fr\/?p=1212"},"modified":"2012-10-03T15:35:28","modified_gmt":"2012-10-03T14:35:28","slug":"soiree-jigsaw-avec-paul-sandoz-reportee-au-26-septembre","status":"publish","type":"post","link":"https:\/\/www.alpesjug.fr\/?p=1212","title":{"rendered":"Soir\u00e9e Jigsaw avec Paul Sandoz report\u00e9e au 26 Septembre"},"content":{"rendered":"<p>Apr\u00e8s les m\u00e9saventures de la soir\u00e9e d&rsquo;hier, la soir\u00e9e Jigsaw est report\u00e9e au mercredi 26!<br \/>\nOn esp\u00e8re vous voir aussi nombreux, avec cette fois une salle ouverte!<\/p>\n<p>Vous pouvez encore vous inscrire ici :\u00a0<a href=\"http:\/\/www.jugevents.org\/jugevents\/event\/46734\">http:\/\/www.jugevents.org\/jugevents\/event\/46734<\/a><\/p>\n<p>Ps : inutile de vous r\u00e9inscrire si vous \u00e9tiez inscrit \u00e0 la session du 19<\/p>\n<p>D\u00e9sol\u00e9 en tout cas pour ces petits bugs d&rsquo;organisation&#8230;<\/p>\n<p>La team Alpes JUG<\/p>\n","protected":false},"excerpt":{"rendered":"<p>Apr\u00e8s les m\u00e9saventures de la soir\u00e9e d&rsquo;hier, la soir\u00e9e Jigsaw est report\u00e9e au mercredi 26! On esp\u00e8re vous voir aussi nombreux, avec cette fois une salle ouverte! Vous pouvez encore vous inscrire ici :\u00a0http:\/\/www.jugevents.org\/jugevents\/event\/46734&#46;&#46;&#46;<\/p>\n","protected":false},"author":1,"featured_media":0,"comment_status":"open","ping_status":"open","sticky":false,"template":"","format":"standard","meta":{"footnotes":""},"categories":[14],"tags":[65],"class_list":["post-1212","post","type-post","status-publish","format-standard","hentry","category-annonce","tag-jigsaw"],"_links":{"self":[{"href":"https:\/\/www.alpesjug.fr\/index.php?rest_route=\/wp\/v2\/posts\/1212","targetHints":{"allow":["GET"]}}],"collection":[{"href":"https:\/\/www.alpesjug.fr\/index.php?rest_route=\/wp\/v2\/posts"}],"about":[{"href":"https:\/\/www.alpesjug.fr\/index.php?rest_route=\/wp\/v2\/types\/post"}],"author":[{"embeddable":true,"href":"https:\/\/www.alpesjug.fr\/index.php?rest_route=\/wp\/v2\/users\/1"}],"replies":[{"embeddable":true,"href":"https:\/\/www.alpesjug.fr\/index.php?rest_route=%2Fwp%2Fv2%2Fcomments&post=1212"}],"version-history":[{"count":4,"href":"https:\/\/www.alpesjug.fr\/index.php?rest_route=\/wp\/v2\/posts\/1212\/revisions"}],"predecessor-version":[{"id":1219,"href":"https:\/\/www.alpesjug.fr\/index.php?rest_route=\/wp\/v2\/posts\/1212\/revisions\/1219"}],"wp:attachment":[{"href":"https:\/\/www.alpesjug.fr\/index.php?rest_route=%2Fwp%2Fv2%2Fmedia&parent=1212"}],"wp:term":[{"taxonomy":"category","embeddable":true,"href":"https:\/\/www.alpesjug.fr\/index.php?rest_route=%2Fwp%2Fv2%2Fcategories&post=1212"},{"taxonomy":"post_tag","embeddable":true,"href":"https:\/\/www.alpesjug.fr\/index.php?rest_route=%2Fwp%2Fv2%2Ftags&post=1212"}],"curies":[{"name":"wp","href":"https:\/\/api.w.org\/{rel}","templated":true}]}}