{"id":1184,"date":"2012-05-16T16:51:33","date_gmt":"2012-05-16T15:51:33","guid":{"rendered":"http:\/\/www.alpesjug.fr\/?p=1184"},"modified":"2012-08-28T08:29:43","modified_gmt":"2012-08-28T07:29:43","slug":"soiree-google-web-toolkit-31-mai-2012","status":"publish","type":"post","link":"https:\/\/www.alpesjug.fr\/?p=1184","title":{"rendered":"Soir\u00e9e Google Web Toolkit &#8211; 31 Mai 2012"},"content":{"rendered":"<p><a href=\"http:\/\/www.alpesjug.fr\/wp-content\/uploads\/2012\/05\/teaser.png\"><img loading=\"lazy\" decoding=\"async\" src=\"http:\/\/www.alpesjug.fr\/wp-content\/uploads\/2012\/05\/teaser-300x240.png\" alt=\"\" title=\"GWT\" width=\"300\" height=\"240\" class=\"alignleft size-medium wp-image-1191\" srcset=\"https:\/\/www.alpesjug.fr\/wp-content\/uploads\/2012\/05\/teaser-300x240.png 300w, https:\/\/www.alpesjug.fr\/wp-content\/uploads\/2012\/05\/teaser-1024x819.png 1024w, https:\/\/www.alpesjug.fr\/wp-content\/uploads\/2012\/05\/teaser-150x120.png 150w, https:\/\/www.alpesjug.fr\/wp-content\/uploads\/2012\/05\/teaser-400x320.png 400w, https:\/\/www.alpesjug.fr\/wp-content\/uploads\/2012\/05\/teaser.png 1280w\" sizes=\"auto, (max-width: 300px) 100vw, 300px\" \/><\/a>Le mod\u00e8le de d\u00e9veloppement d\u2019applications a \u00e9norm\u00e9ment \u00e9volu\u00e9 depuis une d\u00e9cennie. Les technologies web se sont impos\u00e9es et ont \u00e9volu\u00e9es. Les applications web offrent de plus en plus de services, elles sont de plus en plus ergonomiques et performantes.<\/p>\n<p>Mais qu\u2019en est-il du quotidien du d\u00e9veloppeur ? Les outils de d\u00e9veloppement ont-ils \u00e9volu\u00e9s ? Il y a 6 ans l\u2019ovni <a href=\"https:\/\/developers.google.com\/web-toolkit\/\" title=\"GWT\" target=\"_blank\">GWT<\/a> faisait son apparition, avec pour objectif de faciliter le d\u00e9veloppement d\u2019applications web sophistiqu\u00e9es. La vision r\u00e9volutionnaire de ses deux concepteurs a mit du temps \u00e0 \u00eatre accept\u00e9. De nos jours comment a \u00e9volu\u00e9 <a href=\"https:\/\/developers.google.com\/web-toolkit\/\" title=\"GWT\" target=\"_blank\">GWT<\/a> ? Qui l\u2019utilise ?<\/p>\n<p><strong>La vision de <a href=\"https:\/\/twitter.com\/#!\/bruce_at_google\" title=\"bruce_at_google\" target=\"_blank\">Bruce Johnson<\/a> et de <a href=\"https:\/\/twitter.com\/#!\/jgw\" title=\"jgw\" target=\"_blank\">Joel Webber<\/a> a-t-elle support\u00e9 l&rsquo;\u00e9preuve du temps ?<br \/>\nCette pr\u00e9sentation tentera de r\u00e9pondre \u00e0 ces questions, en pr\u00e9sentant ce que GWT a dans le ventre. <\/strong><\/p>\n<p>N&rsquo;oubliez pas de vous inscrire<br \/>\n<strong>Inscriptions<\/strong> : <a href=\"http:\/\/www.jugevents.org\/jugevents\/event\/45941\">http:\/\/www.jugevents.org\/jugevents\/event\/45941<\/a> et de diffuser l&rsquo;information : <a href=\"https:\/\/docs.google.com\/open?id=0B3czNgQf7R5ERlViTmMtc1lKZUU\">Flyers<\/a>.<br \/>\nVenez nombreux le Jeudi 31 Mai 2012 \u00e0 SupInfo Grenoble \u2013 16 rue Henri Barbusse, 38000 Grenoble.<\/p>\n","protected":false},"excerpt":{"rendered":"<p>Le mod\u00e8le de d\u00e9veloppement d\u2019applications a \u00e9norm\u00e9ment \u00e9volu\u00e9 depuis une d\u00e9cennie. Les technologies web se sont impos\u00e9es et ont \u00e9volu\u00e9es. Les applications web offrent de plus en plus de services, elles sont de plus&#46;&#46;&#46;<\/p>\n","protected":false},"author":1,"featured_media":0,"comment_status":"open","ping_status":"open","sticky":false,"template":"","format":"standard","meta":{"footnotes":""},"categories":[14],"tags":[370,63,11,64],"class_list":["post-1184","post","type-post","status-publish","format-standard","hentry","category-annonce","tag-code","tag-gwt","tag-soiree","tag-web"],"_links":{"self":[{"href":"https:\/\/www.alpesjug.fr\/index.php?rest_route=\/wp\/v2\/posts\/1184","targetHints":{"allow":["GET"]}}],"collection":[{"href":"https:\/\/www.alpesjug.fr\/index.php?rest_route=\/wp\/v2\/posts"}],"about":[{"href":"https:\/\/www.alpesjug.fr\/index.php?rest_route=\/wp\/v2\/types\/post"}],"author":[{"embeddable":true,"href":"https:\/\/www.alpesjug.fr\/index.php?rest_route=\/wp\/v2\/users\/1"}],"replies":[{"embeddable":true,"href":"https:\/\/www.alpesjug.fr\/index.php?rest_route=%2Fwp%2Fv2%2Fcomments&post=1184"}],"version-history":[{"count":8,"href":"https:\/\/www.alpesjug.fr\/index.php?rest_route=\/wp\/v2\/posts\/1184\/revisions"}],"predecessor-version":[{"id":1211,"href":"https:\/\/www.alpesjug.fr\/index.php?rest_route=\/wp\/v2\/posts\/1184\/revisions\/1211"}],"wp:attachment":[{"href":"https:\/\/www.alpesjug.fr\/index.php?rest_route=%2Fwp%2Fv2%2Fmedia&parent=1184"}],"wp:term":[{"taxonomy":"category","embeddable":true,"href":"https:\/\/www.alpesjug.fr\/index.php?rest_route=%2Fwp%2Fv2%2Fcategories&post=1184"},{"taxonomy":"post_tag","embeddable":true,"href":"https:\/\/www.alpesjug.fr\/index.php?rest_route=%2Fwp%2Fv2%2Ftags&post=1184"}],"curies":[{"name":"wp","href":"https:\/\/api.w.org\/{rel}","templated":true}]}}