{"id":1090,"date":"2012-01-12T10:07:11","date_gmt":"2012-01-12T09:07:11","guid":{"rendered":"http:\/\/www.alpesjug.fr\/?p=1090"},"modified":"2012-02-02T14:37:24","modified_gmt":"2012-02-02T13:37:24","slug":"bonne-annee-2012","status":"publish","type":"post","link":"https:\/\/www.alpesjug.fr\/?p=1090","title":{"rendered":"Bonne ann\u00e9e 2012"},"content":{"rendered":"<p>Toute l&rsquo;\u00e9quipe de l&rsquo;AlpesJUG vous souhaite une bonne ann\u00e9e 2012 !!!<\/p>\n<h1>Objectif Cloud &#8211; 18\/01\/2012<\/h1>\n<p><div id=\"attachment_1095\" style=\"width: 310px\" class=\"wp-caption alignright\"><a href=\"http:\/\/cloudbees.com\"><img loading=\"lazy\" decoding=\"async\" aria-describedby=\"caption-attachment-1095\" src=\"http:\/\/www.alpesjug.fr\/wp-content\/uploads\/2012\/01\/CloudBees-Logo.png\" alt=\"CloudBees\" title=\"CloudBees\" width=\"300\" height=\"127\" class=\"size-full wp-image-1095\" srcset=\"https:\/\/www.alpesjug.fr\/wp-content\/uploads\/2012\/01\/CloudBees-Logo.png 300w, https:\/\/www.alpesjug.fr\/wp-content\/uploads\/2012\/01\/CloudBees-Logo-150x63.png 150w\" sizes=\"auto, (max-width: 300px) 100vw, 300px\" \/><\/a><p id=\"caption-attachment-1095\" class=\"wp-caption-text\">CloudBees<\/p><\/div>Pour bien commencer l&rsquo;ann\u00e9e nous accueillerons le mercredi 18 Janvier 2012 <a href=\"http:\/\/blog.loof.fr\/\">Nicolas de Loof<\/a> et <a href=\"http:\/\/earthly-powers.blogspot.com\/\">Paul Sandoz<\/a> (oui, celui qui \u00e9tait venu nous parler de JAX-RS en 2010) pour une introduction au cloud. En effet, le Cloud, tout le monde en parle, tout le monde veut y \u00eatre, mais de quoi s\u2019agit-il exactement. D\u00e9monstration concr\u00e8te avec la mise en place d\u2019une forge logicielle et d\u2019un project en \u00ab\u00a0continuous delivery\u00a0\u00bb sur <a href=\"www.cloudbees.com\/\">CloudBees<\/a>.<br \/>\nEn seconde partie, nous ferons un <strong>\u00ab\u00a0CloudBees, what\u2019s next<\/strong>\u00a0\u00bb avec nos id\u00e9es pour 2012 en avant premi\u00e8re. Paul Sandoz nous pr\u00e9sentera ses d\u00e9veloppements en cours ainsi que les grandes lignes de notre orientation Cloud pour 2012.<\/p>\n<p><strong>Rendez-vous mercredi 18\/01 \u00e0<a href=\"http:\/\/maps.google.com\/maps?f=q&#038;source=s_q&#038;hl=en&#038;g=228+Cours+Lib%C3%A9ration+G%C3%A9n+de+Gaulle%2C+38000+Grenoble%2C+France&#038;q=16+rue+Henri+Barbusse+Grenoble&#038;btnG=Search+Maps\"> Sup Info Grenoble<\/a>, \u00e0 partir de 19H.<\/strong><br \/>\nInscriptions : <a href=\"http:\/\/www.jugevents.org\/jugevents\/event\/43468\">http:\/\/www.jugevents.org\/jugevents\/event\/43468<\/a><br \/>\nPour la promo: <a href=\"https:\/\/docs.google.com\/open?id=0B3czNgQf7R5ENjhmMzk2MTgtNTQzMy00MzMwLTk0OTYtMGI3ZTliYzBmNjcy\">les Flyers PDF<\/a>.<\/p>\n<h1>Vaadin &#8211; 22\/02\/2012<\/h1>\n<p><div style=\"width: 134px\" class=\"wp-caption alignleft\"><a href=\"http:\/\/www.packtpub.com\/learning-vaadin-rias\/book\"><img loading=\"lazy\" decoding=\"async\" alt=\"Learning Vaadin\" src=\"https:\/\/www.packtpub.com\/sites\/default\/files\/imagecache\/productview\/5221OS_Learning%20Vaadin_Front%20Cover_0.jpg\" title=\"Learning Vaadin\" width=\"124\" height=\"152\" \/><\/a><p class=\"wp-caption-text\">Learning Vaadin<\/p><\/div><a href=\"https:\/\/vaadin.com\/home\">Vaadin<\/a> est un framework de pr\u00e9sentation web bas\u00e9 sur les composants qui am\u00e9liore r\u00e9ellement la productivit\u00e9 des d\u00e9veloppeurs.<br \/>\nSur le mode one-slide session , <a href=\"http:\/\/frankel.ch\/\">Nicolas Fr\u00e4nkel<\/a> r\u00e9alisera devant vous une application de d\u00e9monstration qui permettra de passer en revue les fonctionnalit\u00e9s principales de Vaadin et d&rsquo;\u00e9changer sur les avantages de Vaadin sur ses concurrents.<\/p>\n<p><strong>Rendez-vous le 22\/02 \u00e0<a href=\"http:\/\/maps.google.com\/maps?f=q&#038;source=s_q&#038;hl=en&#038;g=228+Cours+Lib%C3%A9ration+G%C3%A9n+de+Gaulle%2C+38000+Grenoble%2C+France&#038;q=16+rue+Henri+Barbusse+Grenoble&#038;btnG=Search+Maps\"> Sup Info Grenoble<\/a>, \u00e0 partir de 19H.<\/strong><br \/>\nInscriptions : <a href=\"http:\/\/www.jugevents.org\/jugevents\/event\/43538\">http:\/\/www.jugevents.org\/jugevents\/event\/43538<\/a><\/p>\n","protected":false},"excerpt":{"rendered":"<p>Toute l&rsquo;\u00e9quipe de l&rsquo;AlpesJUG vous souhaite une bonne ann\u00e9e 2012 !!! Objectif Cloud &#8211; 18\/01\/2012 Pour bien commencer l&rsquo;ann\u00e9e nous accueillerons le mercredi 18 Janvier 2012 Nicolas de Loof et Paul Sandoz (oui, celui&#46;&#46;&#46;<\/p>\n","protected":false},"author":1,"featured_media":0,"comment_status":"open","ping_status":"open","sticky":false,"template":"","format":"standard","meta":{"footnotes":""},"categories":[1],"tags":[],"class_list":["post-1090","post","type-post","status-publish","format-standard","hentry","category-non-classe"],"_links":{"self":[{"href":"https:\/\/www.alpesjug.fr\/index.php?rest_route=\/wp\/v2\/posts\/1090","targetHints":{"allow":["GET"]}}],"collection":[{"href":"https:\/\/www.alpesjug.fr\/index.php?rest_route=\/wp\/v2\/posts"}],"about":[{"href":"https:\/\/www.alpesjug.fr\/index.php?rest_route=\/wp\/v2\/types\/post"}],"author":[{"embeddable":true,"href":"https:\/\/www.alpesjug.fr\/index.php?rest_route=\/wp\/v2\/users\/1"}],"replies":[{"embeddable":true,"href":"https:\/\/www.alpesjug.fr\/index.php?rest_route=%2Fwp%2Fv2%2Fcomments&post=1090"}],"version-history":[{"count":11,"href":"https:\/\/www.alpesjug.fr\/index.php?rest_route=\/wp\/v2\/posts\/1090\/revisions"}],"predecessor-version":[{"id":1116,"href":"https:\/\/www.alpesjug.fr\/index.php?rest_route=\/wp\/v2\/posts\/1090\/revisions\/1116"}],"wp:attachment":[{"href":"https:\/\/www.alpesjug.fr\/index.php?rest_route=%2Fwp%2Fv2%2Fmedia&parent=1090"}],"wp:term":[{"taxonomy":"category","embeddable":true,"href":"https:\/\/www.alpesjug.fr\/index.php?rest_route=%2Fwp%2Fv2%2Fcategories&post=1090"},{"taxonomy":"post_tag","embeddable":true,"href":"https:\/\/www.alpesjug.fr\/index.php?rest_route=%2Fwp%2Fv2%2Ftags&post=1090"}],"curies":[{"name":"wp","href":"https:\/\/api.w.org\/{rel}","templated":true}]}}